{"id":1022,"date":"2025-07-29T17:03:10","date_gmt":"2025-07-29T20:03:10","guid":{"rendered":"https:\/\/holfik.com\/tarifa-de-50-pode-elevar-precos-de-suco-de-laranja\/"},"modified":"2025-07-29T17:03:10","modified_gmt":"2025-07-29T20:03:10","slug":"tarifa-de-50-pode-elevar-precos-de-suco-de-laranja","status":"publish","type":"post","link":"https:\/\/holfik.com\/tr\/tarifa-de-50-pode-elevar-precos-de-suco-de-laranja\/","title":{"rendered":"50% Tarifesi Portakal Suyu Fiyatlar\u0131n\u0131 Art\u0131rabilir"},"content":{"rendered":"<p><strong>Meyve Suyu Tarifesi<\/strong> Brezilya portakal suyuna ili\u015fkin 1 A\u011fustos&#039;ta y\u00fcr\u00fcrl\u00fc\u011fe girecek olan 50% say\u0131l\u0131 yasan\u0131n sekt\u00f6r \u00fczerinde \u00f6nemli bir etki yaratmas\u0131 bekleniyor.<\/p>\n<p>Bu makalede, tahmini 4,3 milyar Brezilya Reali tutar\u0131ndaki zararlar, Brezilyal\u0131 \u015firketlerin kar\u015f\u0131la\u015ft\u0131\u011f\u0131 bask\u0131lar ve net bir y\u00fcr\u00fctme emrinin olmamas\u0131n\u0131n yaratt\u0131\u011f\u0131 belirsizlikler de dahil olmak \u00fczere bu \u00f6nlemin olas\u0131 sonu\u00e7lar\u0131 incelenecektir.<\/p>\n<p>Ayr\u0131ca, tazminat talep eden davalar\u0131 ve bu karar\u0131 \u00e7evreleyen siyasi ve ekonomik fakt\u00f6rler aras\u0131ndaki ili\u015fkiyi, ayr\u0131ca Brezilya ve ABD aras\u0131ndaki ticaret gerginliklerini ve belirli \u00fcr\u00fcnler i\u00e7in olas\u0131 istisnalara ili\u015fkin beklentileri de ele alaca\u011f\u0131z.<\/p>\n<p><\/strong><\/p>\n<h2>Brezilya portakal suyuna uygulanan 50% tarifesinin an\u0131nda etkisi<\/h2>\n<p>ABD&#039;nin Brezilya portakal suyuna uygulad\u0131\u011f\u0131 50% tarifesi 1 A\u011fustos&#039;ta y\u00fcr\u00fcrl\u00fc\u011fe girecek.<\/p>\n<p><u><strong>Bu tarife \u00f6nlemi, Brezilya \u00fcr\u00fcnlerine y\u00f6nelik rekabet ortam\u0131n\u0131 de\u011fi\u015ftirebilir.<\/strong><\/u> Kuzey Amerika pazar\u0131nda portakal suyu ve potansiyel olarak di\u011fer ilgili \u00fcr\u00fcnlerin nihai maliyetini \u00f6nemli \u00f6l\u00e7\u00fcde art\u0131r\u0131yor.<\/p>\n<p>Buna g\u00f6re <a href=\"https:\/\/revistacultivar.com.br\/noticias\/tarifa-dos-eua-ameaca-o-setor-de-suco-de-laranja-brasileiro\" alt=\"Impacto da tarifa no suco de laranja brasileiro\">50% Tarifesi<\/a>Brezilyal\u0131 \u015firketler ABD&#039;de rekabet g\u00fcc\u00fcn\u00fc korumakta zorluk \u00e7ekecek ve bu da t\u00fcketiciler i\u00e7in daha y\u00fcksek fiyatlar anlam\u0131na gelecek.<\/p>\n<p>Ekonomik ko\u015fullar g\u00f6z \u00f6n\u00fcne al\u0131nd\u0131\u011f\u0131nda, ABD ithalat\u00e7\u0131lar\u0131n\u0131n bask\u0131s\u0131na ve hukuki i\u015flemlere ba\u011f\u0131ml\u0131l\u0131k \u00f6nem kazan\u0131yor.<\/p>\n<p>\u00dcstelik bu politikan\u0131n daha \u00e7ok siyasi konulara dayand\u0131\u011f\u0131 g\u00f6r\u00fcl\u00fcyor.<\/p>\n<p>Brezilya&#039;dan acil bir yan\u0131t gelmezse durum daha da k\u00f6t\u00fcle\u015febilir ve yo\u011funla\u015fabilir. <u>ticaret gerginlikleri<\/u>.<\/p>\n<p>Portakal suyu ithalat\u00e7\u0131s\u0131 \u015firketler, \u00fclkeler aras\u0131ndaki gergin ticaret ili\u015fkilerini g\u00f6z \u00f6n\u00fcne alarak, maliyet indirimi i\u00e7in \u015fimdiden Amerikan mahkemelerine ba\u015fvuruyor.<\/p>\n<h2>Brezilya \u015firketlerinin direni\u015f stratejileri<\/h2>\n<p>Brezilyal\u0131 \u015firketler, portakal suyuna gelecek 50% tarifesine kar\u015f\u0131 diren\u00e7 stratejileri geli\u015ftirmek i\u00e7in harekete ge\u00e7iyor.<\/p>\n<p>Bir yandan da Kuzey Amerika&#039;daki ticaret ortaklar\u0131yla m\u00fczakereleri yo\u011funla\u015ft\u0131r\u0131yor, destek ar\u0131yor ve ithalat \u015fartlar\u0131nda olas\u0131 ayarlamalar yap\u0131lmas\u0131n\u0131 talep ediyorlar.<\/p>\n<p>\u00d6te yandan, bu tedbirin mali etkilerine itiraz etmek i\u00e7in ABD yarg\u0131 sisteminde eylemde bulunmay\u0131 da d\u00fc\u015f\u00fcn\u00fcyorlar.<\/p>\n<h2>Kuzey Amerikal\u0131 ithalat\u00e7\u0131lar\u0131n bask\u0131s\u0131<\/h2>\n<p>Amerikan portakal suyu ithalat\u00e7\u0131lar\u0131, <a href=\"https:\/\/noticias.uol.com.br\/politica\/ultimas-noticias\/2025\/07\/21\/agro-contrata-escritorios-de-lobby-nos-eua-para-tentar-negociar-tarifas.htm\" alt=\"lobby de suco de laranja nos EUA\">yo\u011fun lobiler kullanarak<\/a>, g\u00fc\u00e7l\u00fc bir \u015fekilde harekete ge\u00e7mek <u><strong>50% oran\u0131<\/strong><\/u> Brezilya portakal suyuna vergi.<\/p>\n<p>Tedbirin nas\u0131l uygulanaca\u011f\u0131n\u0131 vurgulayarak ABD h\u00fck\u00fcmetine bask\u0131 yap\u0131yorlar <u>yerel i\u015fleri tehdit ediyor<\/u>Hem Amerikal\u0131 politikac\u0131lar hem de t\u00fcketiciler aras\u0131nda fark\u0131ndal\u0131k yaratmay\u0131 ama\u00e7l\u0131yor.<\/p>\n<p>Ayr\u0131ca ithalat\u00e7\u0131lar, ticari s\u00f6zle\u015fmeleri, gereklili\u011fi g\u00f6stermek i\u00e7in kullan\u0131rlar. <strong>rekabet\u00e7i fiyatlar<\/strong> ve tarihi i\u015f ortakl\u0131klar\u0131n\u0131n s\u00fcrd\u00fcr\u00fclmesi.<\/p>\n<p>Davalar devam ederken, tarifenin <a href=\"https:\/\/www.cnnbrasil.com.br\/economia\/macroeconomia\/importadora-de-suco-dos-eua-vai-a-justica-contra-tarifas-de-trump\/\" alt=\"a\u00e7\u00e3o judicial contra tarifas de suco de laranja\">anayasaya ayk\u0131r\u0131<\/a> Ve <u>ekonomik olarak zararl\u0131<\/u>, tarife politikas\u0131n\u0131n g\u00f6zden ge\u00e7irilmesini talep ediyor.<\/p>\n<h2>Devam eden davalar<\/h2>\n<p>Brezilya ile ABD aras\u0131nda artan gerginlik, <u>portakal suyuna 50% tarifesi<\/u> ABD federal mahkemelerinde bir dizi davan\u0131n a\u00e7\u0131lmas\u0131na neden oldu.<\/p>\n<p>ABD&#039;deki k\u00fc\u00e7\u00fck ve orta \u00f6l\u00e7ekli i\u015fletmeler, bunun bir \u00f6nlem oldu\u011funu iddia ederek bu \u00f6nleme itiraz ediyor. <u><strong>anayasaya ayk\u0131r\u0131d\u0131r ve mali s\u00fcrd\u00fcr\u00fclebilirli\u011fini tehdit etmektedir<\/strong><\/u>.<\/p>\n<p>Birinin belirtti\u011fi gibi <a href=\"https:\/\/oglobo.globo.com\/economia\/noticia\/2025\/07\/21\/empresa-americana-importadora-de-suco-de-laranja-vai-a-justica-nos-eua-contra-tarifa-de-trump-ao-brasil.ghtml\" alt=\"Globo Economia - Importadora desafia tarifa\">Amerikan distrib\u00fct\u00f6r\u00fc<\/a>Uygulanan tarifenin \u201cy\u0131lda 1.400.000 ABD dolar\u0131na kadar maliyet art\u0131\u015f\u0131na yol a\u00e7abilece\u011fi\u201d belirtildi.<\/p>\n<p>Ayr\u0131ca, ticari soru\u015fturmalar, belirtildi\u011fi gibi, <a href=\"https:\/\/www.cnnbrasil.com.br\/blogs\/thais-heredia\/economia\/macroeconomia\/fontes-de-washington-alertam-empresarios-que-tarifa-de-50-pode-ser-mantida\/\" alt=\"CNN Brasil - Alerta sobre tarifa de 50%\">CNN Brezilya<\/a>, \u00f6ng\u00f6r\u00fclen &quot;yasal gerekliliklerin&quot; tamam\u0131n\u0131 kar\u015f\u0131lamad\u0131\u011f\u0131ndan ikili ticarette daha fazla belirsizlik yaratmaktad\u0131r.<\/p>\n<p>Bu nedenle, bu t\u00fcr anla\u015fmazl\u0131klar yaln\u0131zca hukuki a\u00e7\u0131dan \u00f6nemli olmakla kalmay\u0131p ayn\u0131 zamanda b\u00fcy\u00fck bir \u00f6neme de sahiptir. <u>mali etki<\/u> \u0130lgili \u015firketler i\u00e7in.<\/p>\n<h2>Y\u00fcr\u00fctme emrinin bulunmamas\u0131 nedeniyle d\u00fczenleyici belirsizlik<\/h2>\n<p>Brezilya portakal suyu i\u00e7in 50% tarifesine ili\u015fkin net bir y\u00fcr\u00fctme emrinin olmamas\u0131, <u>\u00f6nemli d\u00fczenleyici belirsizlik<\/u>.<\/p>\n<p>Bu belirsizlik, Brezilyal\u0131 \u015firketlerin ticari ve b\u00fct\u00e7esel operasyonlar\u0131n\u0131 yeterli \u015fekilde planlamas\u0131n\u0131 engelliyor.<\/p>\n<p>A\u00e7\u0131k y\u00f6nergeler olmadan, ekonominin hangi sekt\u00f6rlerinin etkilenece\u011fini, hangilerinin etkilenece\u011fini bilmek zordur. <u><strong>t\u00fcm i\u015f stratejilerini riske atar<\/strong><\/u>.<\/p>\n<p>\u00d6rne\u011fin, <strong>meyve suyu end\u00fcstrisi<\/strong>ABD&#039;ye ihracata ba\u011f\u0131ml\u0131 olan , tarife y\u00fcr\u00fcrl\u00fc\u011fe girene kadar hen\u00fcz bilinmeyen, \u00f6ng\u00f6r\u00fclemeyen maliyetlerle kar\u015f\u0131 kar\u015f\u0131ya kalabilir.<\/p>\n<p>ABD&#039;deki portakal suyu ithalat\u00e7\u0131lar\u0131, tarifenin \u00f6nemli ek maliyetlere yol a\u00e7abilece\u011fi gerek\u00e7esiyle bu durumu mahkemeye ta\u015f\u0131yarak tersine \u00e7evirmeye \u00e7al\u0131\u015f\u0131yor.<\/p>\n<p>Netli\u011fin olmay\u0131\u015f\u0131 hem ithalat\u00e7\u0131lar\u0131 hem de ihracat\u00e7\u0131lar\u0131 stoklar\u0131 art\u0131rmaktan veya fiyatlar\u0131 d\u00fc\u015f\u00fcrmekten \u00e7ekiniyor, kesin karar\u0131 bekliyorlar.<\/p>\n<p>Bu durum, s\u00f6z konusu i\u015fletmelerin ekonomik b\u00fcy\u00fcme potansiyelini s\u0131n\u0131rlamakla kalm\u0131yor, ayn\u0131 zamanda t\u00fcketici fiyatlar\u0131nda \u00f6ng\u00f6r\u00fclemeyen art\u0131\u015flara da yol a\u00e7abiliyor.<\/p>\n<h2>Ekonomik arg\u00fcmanlardan daha a\u011f\u0131r basan siyasi motivasyonlar<\/h2>\n<p>Amerika Birle\u015fik Devletleri&#039;nde, \u00f6zellikle se\u00e7im kampanyalar\u0131 s\u0131ras\u0131nda siyasi kararlar genellikle ekonomik uygulamalar\u0131n \u00f6n\u00fcne ge\u00e7er. Brezilya \u00fcr\u00fcnlerine uygulanan yeni 50% vergileri, i\u00e7 ve d\u0131\u015f politikan\u0131n bu dinami\u011fi nas\u0131l etkileyebilece\u011fini g\u00f6stermektedir. Eski Ba\u015fkan Trump, g\u00fcmr\u00fck vergisini g\u00fcvenlik ve ticaret endi\u015felerini \u00f6ne s\u00fcrerek hakl\u0131 \u00e7\u0131karm\u0131\u015ft\u0131, ancak bir\u00e7ok analist... <strong>ger\u00e7ek motivasyonlar<\/strong> finansal olmaktan \u00e7ok politiktir Bunu daha detayl\u0131 inceleyebilirsiniz <a href=\"https:\/\/g1.globo.com\/mundo\/noticia\/2025\/07\/23\/trump-afirma-ter-aplicado-tarifa-de-50percent-a-paises-com-os-quais-relacao-nao-tem-sido-boa.ghtml\" alt=\"decis\u00e3o da tarifa de Trump\">Trump&#039;\u0131n tarife karar\u0131<\/a>.<\/p>\n<p>Trump&#039;\u0131n se\u00e7men taban\u0131n\u0131 sa\u011flamla\u015ft\u0131rmaya \u00e7al\u0131\u015ft\u0131\u011f\u0131 ABD&#039;nin i\u00e7 ba\u011flam\u0131, g\u00fcmr\u00fck vergilerinin uygulanmas\u0131n\u0131 destekliyor. <u>yabanc\u0131 \u00fclkelere kar\u015f\u0131 kararl\u0131l\u0131\u011f\u0131 simgeleyen bir ara\u00e7<\/u> <a href=\"https:\/\/cj.estrategia.com\/portal\/trump-estados-unidos-tarifa-brasil\/\" alt=\"impacto das tarifas de Trump\">Trump&#039;\u0131n tarifelerinin etkisi<\/a> Ekonomik olarak tarifeler \u00f6nemli bir avantaj sa\u011flamasa bile, se\u00e7menlere g\u00fc\u00e7l\u00fc bir duru\u015f g\u00f6stermek ama\u00e7lan\u0131yor. <\/p>\n<blockquote><p>Ekonomik etkiler t\u00fcketiciler i\u00e7in ek maliyetler i\u00e7erebilir, ancak se\u00e7men alg\u0131lar\u0131 \u00fczerindeki siyasi etki genellikle liderler taraf\u0131ndan daha fazla de\u011fer g\u00f6r\u00fcr.<\/p><\/blockquote>\n<p>.<\/p>\n<p>Bu tarifeler ticaret gerginliklerine yol a\u00e7\u0131yor ve \u00fclkeler aras\u0131ndaki ekonomik ili\u015fkileri do\u011frudan etkiliyor, ancak k\u0131sa vadeli siyasi kayg\u0131lar \u00e7o\u011fu zaman daha a\u011f\u0131r bas\u0131yor. <strong>geleneksel ekonomik analizler<\/strong> Ekonomik kay\u0131plara ra\u011fmen, se\u00e7menlere aktar\u0131lan koruma ve g\u00fc\u00e7 hissi, yeniden se\u00e7im kampanyalar\u0131nda g\u00fc\u00e7l\u00fc bir ara\u00e7 haline geliyor. Bu arada, artan maliyetlerle kar\u015f\u0131 kar\u015f\u0131ya kalan Brezilya sanayileri, ihracatlar\u0131nda daha fazla zorlukla kar\u015f\u0131la\u015f\u0131yor; bu da ekonomi ve siyaseti bir araya getiren eylemlerin karma\u015f\u0131kl\u0131\u011f\u0131n\u0131 g\u00f6zler \u00f6n\u00fcne seriyor.<\/p>\n<h2>Makroekonomik riskler ve istisnalara ili\u015fkin beklentiler<\/h2>\n<p>Portakal suyuna uygulanacak 50% tarifesinin yakla\u015fmas\u0131yla Brezilya&#039;n\u0131n d\u0131\u015f ticaret a\u00e7\u0131\u011f\u0131na ili\u015fkin makroekonomik riskler artabilir.<\/p>\n<p>Bu tarife uygulamas\u0131n\u0131n etkilerini hafifletecek yeterli bir yan\u0131t\u0131n olmamas\u0131, Brezilya ile ABD aras\u0131ndaki ticaret gerginli\u011finin daha da k\u00f6t\u00fcle\u015fmesine yol a\u00e7abilir.<\/p>\n<p>Ayr\u0131ca, belirli \u00fcr\u00fcnlere istisna tan\u0131nmas\u0131 olas\u0131l\u0131\u011f\u0131na ili\u015fkin beklentiler belirsizli\u011fini koruyor ve bu durum iki \u00fclke aras\u0131ndaki ili\u015fkilerdeki oynakl\u0131\u011f\u0131 daha da art\u0131r\u0131yor.<\/p>\n<h2>Ticaret a\u00e7\u0131\u011f\u0131 ve artan gerilimler<\/h2>\n<p>O <u>ticaret dengesi<\/u> Brezilya ile ABD aras\u0131ndaki gerginlik, iki \u00fclke aras\u0131ndaki ticaret gerginli\u011fini do\u011frudan etkileyen hassas bir senaryo sunuyor.<\/p>\n<p>Brezilya&#039;n\u0131n s\u00fcregelen ekonomik a\u00e7\u0131\u011f\u0131 g\u00f6z \u00f6n\u00fcne al\u0131nd\u0131\u011f\u0131nda, durumu daha da k\u00f6t\u00fcle\u015ftirebilecek ek misilleme \u00f6nlemlerinin al\u0131nmas\u0131 riski yak\u0131n g\u00f6r\u00fcn\u00fcyor.<\/p>\n<p><a href=\"https:\/\/agenciabrasil.ebc.com.br\/politica\/noticia\/2025-07\/tarifas-dos-eua-devem-derrubar-precos-e-afetar-setores-estrategicos\" alt=\"Visite para mais sobre impacto nos pre\u00e7os\">Fiyat etkileri hakk\u0131nda daha fazla bilgi edinmek i\u00e7in buraya t\u0131klay\u0131n<\/a>.<\/p>\n<p>ABD&#039;nin siyasi bask\u0131 y\u00f6ntemi olarak 50% tarifesini uygulamaya koymas\u0131, Brezilya ihracat\u0131n\u0131n maliyetlerini art\u0131rarak, <strong>\u00f6nemli ekonomik zorluklar<\/strong> farkl\u0131 sekt\u00f6rlerdeki ihracat\u00e7\u0131lara y\u00f6neliktir.<\/p>\n<p>Bu karma\u015f\u0131k dinamik, yaln\u0131zca ticari ili\u015fkileri yo\u011funla\u015ft\u0131rmakla kalm\u0131yor, ayn\u0131 zamanda Brezilya&#039;n\u0131n gelecekteki riskleri azaltmak ve ticari faaliyetlerini korumak i\u00e7in g\u00fc\u00e7l\u00fc bir yan\u0131t vermesini de gerektiriyor.<\/p>\n<p>G\u00f6z\u00fcn\u00fcz\u00fc a\u00e7\u0131k tutarak <u>ikili ticaret verileri<\/u>Brezilya, olumsuz senaryolar\u0131 tersine \u00e7evirecek ve daha avantajl\u0131 bir dengeyi te\u015fvik edecek stratejik \u00e7\u00f6z\u00fcmler arayabilir.<\/p>\n<h2>Beklentiler ve istisnalar\u0131n ger\u00e7ekli\u011fi<\/h2>\n<p>Buna ra\u011fmen <strong>beklentiler<\/strong> portakal suyu sekt\u00f6r\u00fcnden, kahve yeti\u015ftiricilerinden ve Embraer gibi \u00f6nemli muafiyetler bekleyen \u015firketlerden <a href=\"https:\/\/oglobo.globo.com\/economia\/noticia\/2025\/07\/29\/governo-vai-propor-aos-eua-que-tarifaco-exclua-suco-de-laranja-cafe-e-embraer.ghtml\" alt=\"not\u00edcia sobre a exclus\u00e3o de tarifas para suco, caf\u00e9 e Embraer\">ABD 50% tarifesi<\/a>, <u><strong>ger\u00e7eklik<\/strong><\/u> daha az umut verici olabilir.<\/p>\n<p>Brezilya h\u00fck\u00fcmeti m\u00fczakereleri yo\u011fun bir \u015fekilde s\u00fcrd\u00fcr\u00fcyor ancak \u015fimdilik resmi bir sonu\u00e7 do\u011frulanmad\u0131.<\/p>\n<p>\u0130thalat\u00e7\u0131lar, maliyet art\u0131\u015flar\u0131n\u0131n neredeyse ka\u00e7\u0131n\u0131lmaz oldu\u011fu bir ger\u00e7ekle kar\u015f\u0131 kar\u015f\u0131ya kald\u0131klar\u0131 i\u00e7in \u015fimdiden harekete ge\u00e7iyor ve hukuki yard\u0131m ar\u0131yorlar.<\/p>\n<p>ABD&#039;de net bir k\u0131lavuzun olmamas\u0131 durumu daha da k\u00f6t\u00fcle\u015ftiriyor <u>belirsizlikler<\/u> ve \u015firketlerin gelecekteki olas\u0131 senaryolara haz\u0131rlanmalar\u0131 konusunda daha fazla bask\u0131 yarat\u0131yor.<\/p>\n<p><strong>Meyve Suyu Tarifesi<\/strong> Brezilya i\u00e7in \u00f6nemli bir zorluk te\u015fkil ediyor; Brezilya&#039;n\u0131n ciddi kay\u0131plar ya\u015famas\u0131 ve ABD ile ticaret gerginli\u011finin artmas\u0131 s\u00f6z konusu olabilir.<\/p>\n<p>Bu tarifenin zararl\u0131 etkilerini azaltmak i\u00e7in ithalat\u00e7\u0131lar\u0131n bask\u0131s\u0131 ve hukuki yollara ba\u015fvurmak suretiyle \u00e7\u00f6z\u00fcm aray\u0131\u015f\u0131 b\u00fcy\u00fck \u00f6nem ta\u015f\u0131yacakt\u0131r.<\/p>","protected":false},"excerpt":{"rendered":"<p>A Tarifa de Suco de 50% sobre o suco de laranja brasileiro, que entrar\u00e1 em vigor em 1\u00ba de agosto, promete impactar significativamente o setor. Este artigo explorar\u00e1 as poss\u00edveis consequ\u00eancias dessa medida, incluindo os preju\u00edzos estimados em R$ 4,3 bilh\u00f5es, as press\u00f5es enfrentadas pelas empresas brasileiras, e as incertezas [&hellip;]<\/p>","protected":false},"author":12,"featured_media":1021,"comment_status":"open","ping_status":"open","sticky":false,"template":"","format":"standard","meta":{"footnotes":""},"categories":[205],"tags":[388,504,505],"class_list":["post-1022","post","type-post","status-publish","format-standard","has-post-thumbnail","hentry","category-economia","tag-importacao","tag-suco-de-laranja","tag-tarifa"],"yoast_head":"<!-- This site is optimized with the Yoast SEO plugin v22.5 - https:\/\/yoast.com\/wordpress\/plugins\/seo\/ -->\n<title>Tarifa de 50% Pode Elevar Pre\u00e7os de Suco de Laranja - Holfik<\/title>\n<meta name=\"robots\" content=\"index, follow, max-snippet:-1, max-image-preview:large, max-video-preview:-1\" \/>\n<link rel=\"canonical\" href=\"https:\/\/holfik.com\/tr\/tarifa-de-50-pode-elevar-precos-de-suco-de-laranja\/\" \/>\n<meta property=\"og:locale\" content=\"tr_TR\" \/>\n<meta property=\"og:type\" content=\"article\" \/>\n<meta property=\"og:title\" content=\"Tarifa de 50% Pode Elevar Pre\u00e7os de Suco de Laranja - Holfik\" \/>\n<meta property=\"og:description\" content=\"A Tarifa de Suco de 50% sobre o suco de laranja brasileiro, que entrar\u00e1 em vigor em 1\u00ba de agosto, promete impactar significativamente o setor. Este artigo explorar\u00e1 as poss\u00edveis consequ\u00eancias dessa medida, incluindo os preju\u00edzos estimados em R$ 4,3 bilh\u00f5es, as press\u00f5es enfrentadas pelas empresas brasileiras, e as incertezas [&hellip;]\" \/>\n<meta property=\"og:url\" content=\"https:\/\/holfik.com\/tr\/tarifa-de-50-pode-elevar-precos-de-suco-de-laranja\/\" \/>\n<meta property=\"og:site_name\" content=\"Holfik\" \/>\n<meta property=\"article:published_time\" content=\"2025-07-29T20:03:10+00:00\" \/>\n<meta property=\"og:image\" content=\"https:\/\/holfik.com\/wp-content\/uploads\/2025\/07\/1753819384606.png\" \/>\n\t<meta property=\"og:image:width\" content=\"1024\" \/>\n\t<meta property=\"og:image:height\" content=\"624\" \/>\n\t<meta property=\"og:image:type\" content=\"image\/png\" \/>\n<meta name=\"author\" content=\"Davi\" \/>\n<meta name=\"twitter:card\" content=\"summary_large_image\" \/>\n<meta name=\"twitter:label1\" content=\"Yazan:\" \/>\n\t<meta name=\"twitter:data1\" content=\"Davi\" \/>\n\t<meta name=\"twitter:label2\" content=\"Tahmini okuma s\u00fcresi\" \/>\n\t<meta name=\"twitter:data2\" content=\"7 dakika\" \/>\n<script type=\"application\/ld+json\" class=\"yoast-schema-graph\">{\"@context\":\"https:\/\/schema.org\",\"@graph\":[{\"@type\":\"Article\",\"@id\":\"https:\/\/holfik.com\/fr\/tarifa-de-50-pode-elevar-precos-de-suco-de-laranja\/#article\",\"isPartOf\":{\"@id\":\"https:\/\/holfik.com\/fr\/tarifa-de-50-pode-elevar-precos-de-suco-de-laranja\/\"},\"author\":{\"name\":\"Davi\",\"@id\":\"http:\/\/holfik.com\/hu\/#\/schema\/person\/5c63274d844400d16a20c978368aa232\"},\"headline\":\"Tarifa de 50% Pode Elevar Pre\u00e7os de Suco de Laranja\",\"datePublished\":\"2025-07-29T20:03:10+00:00\",\"dateModified\":\"2025-07-29T20:03:10+00:00\",\"mainEntityOfPage\":{\"@id\":\"https:\/\/holfik.com\/fr\/tarifa-de-50-pode-elevar-precos-de-suco-de-laranja\/\"},\"wordCount\":1481,\"commentCount\":0,\"publisher\":{\"@id\":\"http:\/\/holfik.com\/hu\/#organization\"},\"image\":{\"@id\":\"https:\/\/holfik.com\/fr\/tarifa-de-50-pode-elevar-precos-de-suco-de-laranja\/#primaryimage\"},\"thumbnailUrl\":\"https:\/\/holfik.com\/wp-content\/uploads\/2025\/07\/1753819384606.png\",\"keywords\":[\"importa\u00e7\u00e3o\",\"suco de laranja\",\"tarifa\"],\"articleSection\":[\"Economia\"],\"inLanguage\":\"tr\",\"potentialAction\":[{\"@type\":\"CommentAction\",\"name\":\"Comment\",\"target\":[\"https:\/\/holfik.com\/fr\/tarifa-de-50-pode-elevar-precos-de-suco-de-laranja\/#respond\"]}]},{\"@type\":\"WebPage\",\"@id\":\"https:\/\/holfik.com\/fr\/tarifa-de-50-pode-elevar-precos-de-suco-de-laranja\/\",\"url\":\"https:\/\/holfik.com\/fr\/tarifa-de-50-pode-elevar-precos-de-suco-de-laranja\/\",\"name\":\"Tarifa de 50% Pode Elevar Pre\u00e7os de Suco de Laranja - Holfik\",\"isPartOf\":{\"@id\":\"http:\/\/holfik.com\/hu\/#website\"},\"primaryImageOfPage\":{\"@id\":\"https:\/\/holfik.com\/fr\/tarifa-de-50-pode-elevar-precos-de-suco-de-laranja\/#primaryimage\"},\"image\":{\"@id\":\"https:\/\/holfik.com\/fr\/tarifa-de-50-pode-elevar-precos-de-suco-de-laranja\/#primaryimage\"},\"thumbnailUrl\":\"https:\/\/holfik.com\/wp-content\/uploads\/2025\/07\/1753819384606.png\",\"datePublished\":\"2025-07-29T20:03:10+00:00\",\"dateModified\":\"2025-07-29T20:03:10+00:00\",\"breadcrumb\":{\"@id\":\"https:\/\/holfik.com\/fr\/tarifa-de-50-pode-elevar-precos-de-suco-de-laranja\/#breadcrumb\"},\"inLanguage\":\"tr\",\"potentialAction\":[{\"@type\":\"ReadAction\",\"target\":[\"https:\/\/holfik.com\/fr\/tarifa-de-50-pode-elevar-precos-de-suco-de-laranja\/\"]}]},{\"@type\":\"ImageObject\",\"inLanguage\":\"tr\",\"@id\":\"https:\/\/holfik.com\/fr\/tarifa-de-50-pode-elevar-precos-de-suco-de-laranja\/#primaryimage\",\"url\":\"https:\/\/holfik.com\/wp-content\/uploads\/2025\/07\/1753819384606.png\",\"contentUrl\":\"https:\/\/holfik.com\/wp-content\/uploads\/2025\/07\/1753819384606.png\",\"width\":1024,\"height\":624,\"caption\":\"undefined\"},{\"@type\":\"BreadcrumbList\",\"@id\":\"https:\/\/holfik.com\/fr\/tarifa-de-50-pode-elevar-precos-de-suco-de-laranja\/#breadcrumb\",\"itemListElement\":[{\"@type\":\"ListItem\",\"position\":1,\"name\":\"In\u00edcio\",\"item\":\"http:\/\/holfik.com\/hu\/\"},{\"@type\":\"ListItem\",\"position\":2,\"name\":\"Tarifa de 50% Pode Elevar Pre\u00e7os de Suco de Laranja\"}]},{\"@type\":\"WebSite\",\"@id\":\"http:\/\/holfik.com\/hu\/#website\",\"url\":\"http:\/\/holfik.com\/hu\/\",\"name\":\"Holfik\",\"description\":\"Site de Not\u00edcias e M\u00eddia\",\"publisher\":{\"@id\":\"http:\/\/holfik.com\/hu\/#organization\"},\"potentialAction\":[{\"@type\":\"SearchAction\",\"target\":{\"@type\":\"EntryPoint\",\"urlTemplate\":\"http:\/\/holfik.com\/hu\/?s={search_term_string}\"},\"query-input\":\"required name=search_term_string\"}],\"inLanguage\":\"tr\"},{\"@type\":\"Organization\",\"@id\":\"http:\/\/holfik.com\/hu\/#organization\",\"name\":\"Holfik\",\"url\":\"http:\/\/holfik.com\/hu\/\",\"logo\":{\"@type\":\"ImageObject\",\"inLanguage\":\"tr\",\"@id\":\"http:\/\/holfik.com\/hu\/#\/schema\/logo\/image\/\",\"url\":\"https:\/\/holfik.com\/wp-content\/uploads\/2025\/07\/download1.png\",\"contentUrl\":\"https:\/\/holfik.com\/wp-content\/uploads\/2025\/07\/download1.png\",\"width\":150,\"height\":100,\"caption\":\"Holfik\"},\"image\":{\"@id\":\"http:\/\/holfik.com\/hu\/#\/schema\/logo\/image\/\"}},{\"@type\":\"Person\",\"@id\":\"http:\/\/holfik.com\/hu\/#\/schema\/person\/5c63274d844400d16a20c978368aa232\",\"name\":\"Davi\",\"image\":{\"@type\":\"ImageObject\",\"inLanguage\":\"tr\",\"@id\":\"http:\/\/holfik.com\/hu\/#\/schema\/person\/image\/\",\"url\":\"https:\/\/secure.gravatar.com\/avatar\/e1ee68e758cac208b2e5afa99bab2ebc9c971f628c4e810fe37ef98f59af2f71?s=96&d=mm&r=g\",\"contentUrl\":\"https:\/\/secure.gravatar.com\/avatar\/e1ee68e758cac208b2e5afa99bab2ebc9c971f628c4e810fe37ef98f59af2f71?s=96&d=mm&r=g\",\"caption\":\"Davi\"},\"url\":\"https:\/\/holfik.com\/tr\/author\/davi\/\"}]}<\/script>\n<!-- \/ Yoast SEO plugin. -->","yoast_head_json":{"title":"Tarifa de 50% Pode Elevar Pre\u00e7os de Suco de Laranja - Holfik","robots":{"index":"index","follow":"follow","max-snippet":"max-snippet:-1","max-image-preview":"max-image-preview:large","max-video-preview":"max-video-preview:-1"},"canonical":"https:\/\/holfik.com\/tr\/tarifa-de-50-pode-elevar-precos-de-suco-de-laranja\/","og_locale":"tr_TR","og_type":"article","og_title":"Tarifa de 50% Pode Elevar Pre\u00e7os de Suco de Laranja - Holfik","og_description":"A Tarifa de Suco de 50% sobre o suco de laranja brasileiro, que entrar\u00e1 em vigor em 1\u00ba de agosto, promete impactar significativamente o setor. Este artigo explorar\u00e1 as poss\u00edveis consequ\u00eancias dessa medida, incluindo os preju\u00edzos estimados em R$ 4,3 bilh\u00f5es, as press\u00f5es enfrentadas pelas empresas brasileiras, e as incertezas [&hellip;]","og_url":"https:\/\/holfik.com\/tr\/tarifa-de-50-pode-elevar-precos-de-suco-de-laranja\/","og_site_name":"Holfik","article_published_time":"2025-07-29T20:03:10+00:00","og_image":[{"width":1024,"height":624,"url":"https:\/\/holfik.com\/wp-content\/uploads\/2025\/07\/1753819384606.png","type":"image\/png"}],"author":"Davi","twitter_card":"summary_large_image","twitter_misc":{"Yazan:":"Davi","Tahmini okuma s\u00fcresi":"7 dakika"},"schema":{"@context":"https:\/\/schema.org","@graph":[{"@type":"Article","@id":"https:\/\/holfik.com\/fr\/tarifa-de-50-pode-elevar-precos-de-suco-de-laranja\/#article","isPartOf":{"@id":"https:\/\/holfik.com\/fr\/tarifa-de-50-pode-elevar-precos-de-suco-de-laranja\/"},"author":{"name":"Davi","@id":"http:\/\/holfik.com\/hu\/#\/schema\/person\/5c63274d844400d16a20c978368aa232"},"headline":"Tarifa de 50% Pode Elevar Pre\u00e7os de Suco de Laranja","datePublished":"2025-07-29T20:03:10+00:00","dateModified":"2025-07-29T20:03:10+00:00","mainEntityOfPage":{"@id":"https:\/\/holfik.com\/fr\/tarifa-de-50-pode-elevar-precos-de-suco-de-laranja\/"},"wordCount":1481,"commentCount":0,"publisher":{"@id":"http:\/\/holfik.com\/hu\/#organization"},"image":{"@id":"https:\/\/holfik.com\/fr\/tarifa-de-50-pode-elevar-precos-de-suco-de-laranja\/#primaryimage"},"thumbnailUrl":"https:\/\/holfik.com\/wp-content\/uploads\/2025\/07\/1753819384606.png","keywords":["importa\u00e7\u00e3o","suco de laranja","tarifa"],"articleSection":["Economia"],"inLanguage":"tr","potentialAction":[{"@type":"CommentAction","name":"Comment","target":["https:\/\/holfik.com\/fr\/tarifa-de-50-pode-elevar-precos-de-suco-de-laranja\/#respond"]}]},{"@type":"WebPage","@id":"https:\/\/holfik.com\/fr\/tarifa-de-50-pode-elevar-precos-de-suco-de-laranja\/","url":"https:\/\/holfik.com\/fr\/tarifa-de-50-pode-elevar-precos-de-suco-de-laranja\/","name":"Tarifa de 50% Pode Elevar Pre\u00e7os de Suco de Laranja - Holfik","isPartOf":{"@id":"http:\/\/holfik.com\/hu\/#website"},"primaryImageOfPage":{"@id":"https:\/\/holfik.com\/fr\/tarifa-de-50-pode-elevar-precos-de-suco-de-laranja\/#primaryimage"},"image":{"@id":"https:\/\/holfik.com\/fr\/tarifa-de-50-pode-elevar-precos-de-suco-de-laranja\/#primaryimage"},"thumbnailUrl":"https:\/\/holfik.com\/wp-content\/uploads\/2025\/07\/1753819384606.png","datePublished":"2025-07-29T20:03:10+00:00","dateModified":"2025-07-29T20:03:10+00:00","breadcrumb":{"@id":"https:\/\/holfik.com\/fr\/tarifa-de-50-pode-elevar-precos-de-suco-de-laranja\/#breadcrumb"},"inLanguage":"tr","potentialAction":[{"@type":"ReadAction","target":["https:\/\/holfik.com\/fr\/tarifa-de-50-pode-elevar-precos-de-suco-de-laranja\/"]}]},{"@type":"ImageObject","inLanguage":"tr","@id":"https:\/\/holfik.com\/fr\/tarifa-de-50-pode-elevar-precos-de-suco-de-laranja\/#primaryimage","url":"https:\/\/holfik.com\/wp-content\/uploads\/2025\/07\/1753819384606.png","contentUrl":"https:\/\/holfik.com\/wp-content\/uploads\/2025\/07\/1753819384606.png","width":1024,"height":624,"caption":"undefined"},{"@type":"BreadcrumbList","@id":"https:\/\/holfik.com\/fr\/tarifa-de-50-pode-elevar-precos-de-suco-de-laranja\/#breadcrumb","itemListElement":[{"@type":"ListItem","position":1,"name":"In\u00edcio","item":"http:\/\/holfik.com\/hu\/"},{"@type":"ListItem","position":2,"name":"Tarifa de 50% Pode Elevar Pre\u00e7os de Suco de Laranja"}]},{"@type":"WebSite","@id":"http:\/\/holfik.com\/hu\/#website","url":"http:\/\/holfik.com\/hu\/","name":"Holfik","description":"Site de Not\u00edcias e M\u00eddia","publisher":{"@id":"http:\/\/holfik.com\/hu\/#organization"},"potentialAction":[{"@type":"SearchAction","target":{"@type":"EntryPoint","urlTemplate":"http:\/\/holfik.com\/hu\/?s={search_term_string}"},"query-input":"required name=search_term_string"}],"inLanguage":"tr"},{"@type":"Organization","@id":"http:\/\/holfik.com\/hu\/#organization","name":"Holfik","url":"http:\/\/holfik.com\/hu\/","logo":{"@type":"ImageObject","inLanguage":"tr","@id":"http:\/\/holfik.com\/hu\/#\/schema\/logo\/image\/","url":"https:\/\/holfik.com\/wp-content\/uploads\/2025\/07\/download1.png","contentUrl":"https:\/\/holfik.com\/wp-content\/uploads\/2025\/07\/download1.png","width":150,"height":100,"caption":"Holfik"},"image":{"@id":"http:\/\/holfik.com\/hu\/#\/schema\/logo\/image\/"}},{"@type":"Person","@id":"http:\/\/holfik.com\/hu\/#\/schema\/person\/5c63274d844400d16a20c978368aa232","name":"Davi","image":{"@type":"ImageObject","inLanguage":"tr","@id":"http:\/\/holfik.com\/hu\/#\/schema\/person\/image\/","url":"https:\/\/secure.gravatar.com\/avatar\/e1ee68e758cac208b2e5afa99bab2ebc9c971f628c4e810fe37ef98f59af2f71?s=96&d=mm&r=g","contentUrl":"https:\/\/secure.gravatar.com\/avatar\/e1ee68e758cac208b2e5afa99bab2ebc9c971f628c4e810fe37ef98f59af2f71?s=96&d=mm&r=g","caption":"Davi"},"url":"https:\/\/holfik.com\/tr\/author\/davi\/"}]}},"_links":{"self":[{"href":"https:\/\/holfik.com\/tr\/wp-json\/wp\/v2\/posts\/1022","targetHints":{"allow":["GET"]}}],"collection":[{"href":"https:\/\/holfik.com\/tr\/wp-json\/wp\/v2\/posts"}],"about":[{"href":"https:\/\/holfik.com\/tr\/wp-json\/wp\/v2\/types\/post"}],"author":[{"embeddable":true,"href":"https:\/\/holfik.com\/tr\/wp-json\/wp\/v2\/users\/12"}],"replies":[{"embeddable":true,"href":"https:\/\/holfik.com\/tr\/wp-json\/wp\/v2\/comments?post=1022"}],"version-history":[{"count":0,"href":"https:\/\/holfik.com\/tr\/wp-json\/wp\/v2\/posts\/1022\/revisions"}],"wp:featuredmedia":[{"embeddable":true,"href":"https:\/\/holfik.com\/tr\/wp-json\/wp\/v2\/media\/1021"}],"wp:attachment":[{"href":"https:\/\/holfik.com\/tr\/wp-json\/wp\/v2\/media?parent=1022"}],"wp:term":[{"taxonomy":"category","embeddable":true,"href":"https:\/\/holfik.com\/tr\/wp-json\/wp\/v2\/categories?post=1022"},{"taxonomy":"post_tag","embeddable":true,"href":"https:\/\/holfik.com\/tr\/wp-json\/wp\/v2\/tags?post=1022"}],"curies":[{"name":"wp","href":"https:\/\/api.w.org\/{rel}","templated":true}]}}