{"id":2518,"date":"2026-09-06T17:01:12","date_gmt":"2026-09-06T20:01:12","guid":{"rendered":"https:\/\/holfik.com\/you-inc-enfrenta-crise-financeira-severissima\/"},"modified":"2026-09-06T17:01:12","modified_gmt":"2026-09-06T20:01:12","slug":"you-inc-enfrenta-crise-financeira-severissima","status":"publish","type":"post","link":"https:\/\/holfik.com\/sv\/you-inc-enfrenta-crise-financeira-severissima\/","title":{"rendered":"You, Inc Enfrenta Crise Financeira Sever\u00edssima"},"content":{"rendered":"<p><strong>Crise Financeira<\/strong> da A You, Inc se intensifica \u00e0 medida que a empresa enfrenta quest\u00f5es graves que comprometem sua opera\u00e7\u00e3o e reputa\u00e7\u00e3o no mercado.<\/p>\n<p>Neste artigo, exploraremos os fatores que levaram \u00e0 acumula\u00e7\u00e3o de um patrim\u00f4nio negativo de R$ 312 milh\u00f5es e um preju\u00edzo de R$ 82 milh\u00f5es no primeiro semestre de 2026. Al\u00e9m disso, analisaremos a suspens\u00e3o de lan\u00e7amentos, os atrasos nas entregas e as consequ\u00eancias disso para os consumidores e o futuro da companhia.<\/p>\n<p>A situa\u00e7\u00e3o financeira delicada da A You, Inc e os desafios enfrentados exigem uma reflex\u00e3o sobre a sustentabilidade de suas opera\u00e7\u00f5es e estrat\u00e9gias de recupera\u00e7\u00e3o.<\/p>\n<p><\/strong><\/p>\n<h2>Contexto da crise financeira no primeiro semestre de 2026<\/h2>\n<p>A crise da You, Inc. ganhou contornos mais graves no primeiro semestre de 2026, quando a companhia passou a operar sob forte press\u00e3o financeira e comercial.<\/p>\n<p>Nesse cen\u00e1rio, o patrim\u00f4nio l\u00edquido negativo atingiu <strong>R$ 312 milh\u00f5es<\/strong>, enquanto o preju\u00edzo consolidado chegou a <strong>R$ 82 milh\u00f5es<\/strong>, sinalizando deteriora\u00e7\u00e3o cont\u00ednua da estrutura de capital e perda de f\u00f4lego operacional.<\/p>\n<p>Ao mesmo tempo, a empresa suspendeu novos lan\u00e7amentos e viu a confian\u00e7a do mercado enfraquecer, o que aumentou a percep\u00e7\u00e3o de risco entre compradores e investidores.<\/p>\n<p>Esse quadro se agravou porque a companhia enfrentou um ambiente macroecon\u00f4mico desfavor\u00e1vel, com juros elevados e cr\u00e9dito mais caro, o que pressionou financiamentos, elevou o custo da d\u00edvida e reduziu a margem para novas opera\u00e7\u00f5es.<\/p>\n<p>Al\u00e9m disso, os atrasos nas entregas, as obras paradas e o crescimento dos distratos ampliaram a inseguran\u00e7a dos clientes, enquanto protestos de compradores expuseram a falta de transpar\u00eancia.<\/p>\n<p>Assim, a combina\u00e7\u00e3o entre queima de caixa, endividamento crescente e queda na atividade comercial consolidou a crise.<\/p>\n<p>Principais causas identificadas<\/p>\n<ul>\n<li><strong>Endividamento elevado<\/strong> e d\u00edvida l\u00edquida de R$ 780 milh\u00f5es<\/li>\n<li><strong>Queima de caixa insustent\u00e1vel<\/strong> no ritmo operacional atual<\/li>\n<li><strong>Atrasos nas entregas<\/strong> e paralisa\u00e7\u00e3o de obras relevantes<\/li>\n<li><strong>Aumento dos distratos<\/strong>, que somaram R$ 25 milh\u00f5es no semestre<\/li>\n<li><strong>Juros altos<\/strong>, que encareceram os financiamentos<\/li>\n<li><strong>Queda de vendas e suspens\u00e3o de lan\u00e7amentos<\/strong>, reduzindo a gera\u00e7\u00e3o de caixa<\/li>\n<\/ul>\n<h2>Suspens\u00e3o de lan\u00e7amentos e protestos de consumidores<\/h2>\n<p>A suspens\u00e3o de lan\u00e7amentos pela You, Inc ampliou a inseguran\u00e7a de quem j\u00e1 comprou im\u00f3veis e tamb\u00e9m travou a gera\u00e7\u00e3o de caixa da incorporadora, que passou a depender ainda mais de renegocia\u00e7\u00f5es, vendas de participa\u00e7\u00f5es e cortes de despesas.<\/p>\n<p>Como os canteiros perderam ritmo, o mercado passou a questionar a capacidade da empresa de concluir as obras no prazo e cumprir as entregas prometidas.<\/p>\n<p>Al\u00e9m disso, a paralisa\u00e7\u00e3o refor\u00e7ou a percep\u00e7\u00e3o de risco entre clientes e investidores, sobretudo diante da deteriora\u00e7\u00e3o financeira j\u00e1 exposta por patrim\u00f4nio negativo e aumento dos distratos.<\/p>\n<p>I fallet med <strong>Authentique Perdizes<\/strong>, os protestos ganharam for\u00e7a porque a obra est\u00e1 parada desde <u>mar\u00e7o de 2025<\/u> e a frustra\u00e7\u00e3o virou cobran\u00e7a p\u00fablica.<\/p>\n<p>Os compradores apontam especialmente:<\/p>\n<ul>\n<li><strong>\u2022 Atraso nas chaves<\/strong><\/li>\n<li><strong>\u2022 Falta de transpar\u00eancia sobre o andamento da obra<\/strong><\/li>\n<li><strong>\u2022 Incerteza sobre a conclus\u00e3o do empreendimento<\/strong><\/li>\n<li><strong>\u2022 Desvaloriza\u00e7\u00e3o emocional e financeira do contrato<\/strong><\/li>\n<\/ul>\n<p>Por isso, a mobiliza\u00e7\u00e3o nas ruas e nas redes passou a simbolizar a quebra de confian\u00e7a entre consumidores e incorporadora.<\/p>\n<p>Enquanto isso, a empresa tenta preservar caixa e renegociar d\u00edvidas, mas a aus\u00eancia de novos lan\u00e7amentos reduz sua capacidade de rea\u00e7\u00e3o.<\/p>\n<p>Assim, cada m\u00eas de obra parada aumenta a press\u00e3o sobre a gest\u00e3o e amplia o risco de novos distratos, j\u00e1 que o cliente passa a enxergar menos seguran\u00e7a no produto comprado.<\/p>\n<p>Em paralelo, o caso do Authentique Perdizes se tornou o principal exemplo da crise de reputa\u00e7\u00e3o da You, Inc, porque o atraso deixou de ser pontual e passou a representar uma amea\u00e7a concreta \u00e0 entrega de um projeto inteiro.<\/p>\n<h2>Evolu\u00e7\u00e3o da d\u00edvida l\u00edquida e aumento dos distratos<\/h2>\n<p><u>D\u00edvida L\u00edquida<\/u> A You, Inc elevou sua d\u00edvida l\u00edquida para <strong>R$ 780 milh\u00f5es<\/strong> nod <u>2\u00ba trimestre de 2026<\/u>, pressionada por juros altos, queda de lan\u00e7amentos e necessidade de preservar caixa.<\/p>\n<p>Entre o fim de mar\u00e7o e junho, o endividamento avan\u00e7ou de <strong>R$ 663 milh\u00f5es<\/strong> para o novo patamar, ampliando a alavancagem e reduzindo a flexibilidade financeira.<\/p>\n<p>Assim, a companhia passou a depender mais de renegocia\u00e7\u00f5es, vendas de participa\u00e7\u00f5es e posterga\u00e7\u00e3o de despesas para manter a opera\u00e7\u00e3o, enquanto o consumo de caixa segue intenso e limita a retomada das obras e novos projetos.<\/p>\n<p><u>Distratos<\/u> Nod <u>1\u00ba semestre de 2026<\/u>, os distratos somaram <strong>R$ 25 milh\u00f5es<\/strong>, sinalizando maior inseguran\u00e7a dos compradores e menor previsibilidade de entrada de recursos.<\/p>\n<p>Al\u00e9m disso, esse volume reduz a gera\u00e7\u00e3o operacional e agrava o descasamento entre pagamentos de obra e receb\u00edveis, comprimindo o fluxo de caixa e elevando o risco de paralisa\u00e7\u00f5es.<\/p>\n<h2>Inseguran\u00e7a dos compradores e falta de transpar\u00eancia<\/h2>\n<p>A falta de comunica\u00e7\u00e3o clara da You, Inc amplia a <i>os\u00e4kerhet<\/i> de quem comprou um im\u00f3vel e agora teme ver o sonho virar espera indefinida.<\/p>\n<p>Quando obras param, prazos mudam e respostas chegam de forma vaga, o cliente sente que perdeu o controle da pr\u00f3pria decis\u00e3o.<\/p>\n<h2>Tentativas de reestrutura\u00e7\u00e3o e riscos de recupera\u00e7\u00e3o judicial<\/h2>\n<p>A You, Inc tenta conter a crise com renegocia\u00e7\u00e3o de d\u00edvidas, venda de participa\u00e7\u00f5es e redu\u00e7\u00e3o de despesas, mas essas medidas ainda parecem insuficientes diante da alta dos juros e da <u><strong>queima de caixa insustent\u00e1vel<\/strong><\/u>.<\/p>\n<p>A empresa j\u00e1 registra patrim\u00f4nio negativo de R$ 312 milh\u00f5es, preju\u00edzo de R$ 82 milh\u00f5es no primeiro semestre de 2026 e d\u00edvida l\u00edquida de R$ 780 milh\u00f5es, enquanto os distratos somaram R$ 25 milh\u00f5es no mesmo per\u00edodo, sinalizando perda de confian\u00e7a dos compradores e press\u00e3o adicional sobre a liquidez.<\/p>\n<table>\n<thead>\n<tr>\n<th>Medida adotada<\/th>\n<th>Utmaning<\/th>\n<\/tr>\n<\/thead>\n<tbody>\n<tr>\n<td><strong>Renegocia\u00e7\u00e3o de d\u00edvidas<\/strong><\/td>\n<td><u>Custo financeiro mais alto<\/u><\/td>\n<\/tr>\n<tr>\n<td><strong>Venda de participa\u00e7\u00f5es<\/strong><\/td>\n<td><u>Liquidez limitada e ativos pressionados<\/u><\/td>\n<\/tr>\n<tr>\n<td><strong>Corte de despesas<\/strong><\/td>\n<td><u>Al\u00edvio parcial diante do caixa deteriorado<\/u><\/td>\n<\/tr>\n<\/tbody>\n<\/table>\n<p>Al\u00e9m disso, a suspens\u00e3o de novos lan\u00e7amentos e as obras paradas, como no Authentique Perdizes, exp\u00f5em a fragilidade operacional e agravam o descontentamento dos consumidores.<\/p>\n<p>Assim, embora a reestrutura\u00e7\u00e3o busque ganhar tempo, ela depende de execu\u00e7\u00e3o r\u00e1pida, disciplina financeira e retomada da credibilidade para evitar um colapso maior.<\/p>\n<p>Especialistas avaliam que, sem uma melhora imediata no fluxo de caixa e sem acordo s\u00f3lido com credores, a empresa pode ficar cada vez mais pr\u00f3xima de uma recupera\u00e7\u00e3o judicial, agora vista como alternativa concreta para reorganizar a d\u00edvida e preservar a continuidade dos projetos.<\/p>\n<p><strong>Crise Financeira<\/strong> e suas repercuss\u00f5es na A You, Inc levantam s\u00e9rias quest\u00f5es sobre a viabilidade da empresa.<\/p>\n<p>As medidas de reestrutura\u00e7\u00e3o e a busca por recupera\u00e7\u00e3o judicial s\u00e3o passos cruciais que poder\u00e3o determinar se a companhia conseguir\u00e1 superar este momento cr\u00edtico e restabelecer a confian\u00e7a do mercado e dos consumidores.<\/p>\n<p><\/strong><\/p>","protected":false},"excerpt":{"rendered":"<p>Crise Financeira da A You, Inc se intensifica \u00e0 medida que a empresa enfrenta quest\u00f5es graves que comprometem sua opera\u00e7\u00e3o e reputa\u00e7\u00e3o no mercado. Neste artigo, exploraremos os fatores que levaram \u00e0 acumula\u00e7\u00e3o de um patrim\u00f4nio negativo de R$ 312 milh\u00f5es e um preju\u00edzo de R$ 82 milh\u00f5es no primeiro [&hellip;]<\/p>","protected":false},"author":11,"featured_media":2517,"comment_status":"open","ping_status":"open","sticky":false,"template":"","format":"standard","meta":{"footnotes":""},"categories":[1573],"tags":[1253,1847,1071],"class_list":["post-2518","post","type-post","status-publish","format-standard","has-post-thumbnail","hentry","category-economia-e-financas","tag-crise-financeira","tag-patrimonio-negativo","tag-prejuizo"],"yoast_head":"<!-- This site is optimized with the Yoast SEO plugin v22.5 - https:\/\/yoast.com\/wordpress\/plugins\/seo\/ -->\n<title>You, Inc Enfrenta Crise Financeira Sever\u00edssima - Holfik<\/title>\n<meta name=\"robots\" content=\"index, follow, max-snippet:-1, max-image-preview:large, max-video-preview:-1\" \/>\n<link rel=\"canonical\" href=\"https:\/\/holfik.com\/sv\/you-inc-enfrenta-crise-financeira-severissima\/\" \/>\n<meta property=\"og:locale\" content=\"sv_SE\" \/>\n<meta property=\"og:type\" content=\"article\" \/>\n<meta property=\"og:title\" content=\"You, Inc Enfrenta Crise Financeira Sever\u00edssima - Holfik\" \/>\n<meta property=\"og:description\" content=\"Crise Financeira da A You, Inc se intensifica \u00e0 medida que a empresa enfrenta quest\u00f5es graves que comprometem sua opera\u00e7\u00e3o e reputa\u00e7\u00e3o no mercado. Neste artigo, exploraremos os fatores que levaram \u00e0 acumula\u00e7\u00e3o de um patrim\u00f4nio negativo de R$ 312 milh\u00f5es e um preju\u00edzo de R$ 82 milh\u00f5es no primeiro [&hellip;]\" \/>\n<meta property=\"og:url\" content=\"https:\/\/holfik.com\/sv\/you-inc-enfrenta-crise-financeira-severissima\/\" \/>\n<meta property=\"og:site_name\" content=\"Holfik\" \/>\n<meta property=\"article:published_time\" content=\"2026-09-06T20:01:12+00:00\" \/>\n<meta name=\"author\" content=\"Andre\" \/>\n<meta name=\"twitter:card\" content=\"summary_large_image\" \/>\n<meta name=\"twitter:label1\" content=\"Skriven av\" \/>\n\t<meta name=\"twitter:data1\" content=\"Andre\" \/>\n\t<meta name=\"twitter:label2\" content=\"Ber\u00e4knad l\u00e4stid\" \/>\n\t<meta name=\"twitter:data2\" content=\"6 minuter\" \/>\n<script type=\"application\/ld+json\" class=\"yoast-schema-graph\">{\"@context\":\"https:\/\/schema.org\",\"@graph\":[{\"@type\":\"Article\",\"@id\":\"https:\/\/holfik.com\/you-inc-enfrenta-crise-financeira-severissima\/#article\",\"isPartOf\":{\"@id\":\"https:\/\/holfik.com\/you-inc-enfrenta-crise-financeira-severissima\/\"},\"author\":{\"name\":\"Andre\",\"@id\":\"https:\/\/holfik.com\/nb\/#\/schema\/person\/0c9e2e2e8cdad72c8e45b4cda8a06782\"},\"headline\":\"You, Inc Enfrenta Crise Financeira Sever\u00edssima\",\"datePublished\":\"2026-09-06T20:01:12+00:00\",\"dateModified\":\"2026-09-06T20:01:12+00:00\",\"mainEntityOfPage\":{\"@id\":\"https:\/\/holfik.com\/you-inc-enfrenta-crise-financeira-severissima\/\"},\"wordCount\":1193,\"commentCount\":0,\"publisher\":{\"@id\":\"https:\/\/holfik.com\/nb\/#organization\"},\"image\":{\"@id\":\"https:\/\/holfik.com\/you-inc-enfrenta-crise-financeira-severissima\/#primaryimage\"},\"thumbnailUrl\":\"https:\/\/holfik.com\/wp-content\/uploads\/2026\/09\/1788724869976.png\",\"keywords\":[\"crise financeira\",\"patrim\u00f4nio negativo\",\"preju\u00edzo\"],\"articleSection\":[\"Economia e Finan\u00e7as\"],\"inLanguage\":\"sv-SE\",\"potentialAction\":[{\"@type\":\"CommentAction\",\"name\":\"Comment\",\"target\":[\"https:\/\/holfik.com\/you-inc-enfrenta-crise-financeira-severissima\/#respond\"]}]},{\"@type\":\"WebPage\",\"@id\":\"https:\/\/holfik.com\/you-inc-enfrenta-crise-financeira-severissima\/\",\"url\":\"https:\/\/holfik.com\/you-inc-enfrenta-crise-financeira-severissima\/\",\"name\":\"You, Inc Enfrenta Crise Financeira Sever\u00edssima - Holfik\",\"isPartOf\":{\"@id\":\"https:\/\/holfik.com\/nb\/#website\"},\"primaryImageOfPage\":{\"@id\":\"https:\/\/holfik.com\/you-inc-enfrenta-crise-financeira-severissima\/#primaryimage\"},\"image\":{\"@id\":\"https:\/\/holfik.com\/you-inc-enfrenta-crise-financeira-severissima\/#primaryimage\"},\"thumbnailUrl\":\"https:\/\/holfik.com\/wp-content\/uploads\/2026\/09\/1788724869976.png\",\"datePublished\":\"2026-09-06T20:01:12+00:00\",\"dateModified\":\"2026-09-06T20:01:12+00:00\",\"breadcrumb\":{\"@id\":\"https:\/\/holfik.com\/you-inc-enfrenta-crise-financeira-severissima\/#breadcrumb\"},\"inLanguage\":\"sv-SE\",\"potentialAction\":[{\"@type\":\"ReadAction\",\"target\":[\"https:\/\/holfik.com\/you-inc-enfrenta-crise-financeira-severissima\/\"]}]},{\"@type\":\"ImageObject\",\"inLanguage\":\"sv-SE\",\"@id\":\"https:\/\/holfik.com\/you-inc-enfrenta-crise-financeira-severissima\/#primaryimage\",\"url\":\"https:\/\/holfik.com\/wp-content\/uploads\/2026\/09\/1788724869976.png\",\"contentUrl\":\"https:\/\/holfik.com\/wp-content\/uploads\/2026\/09\/1788724869976.png\",\"width\":1024,\"height\":624,\"caption\":\"Imagem representando a crise financeira enfrentada pela You, Inc, com destaque para os n\u00fameros negativos e protestos de consumidores.\"},{\"@type\":\"BreadcrumbList\",\"@id\":\"https:\/\/holfik.com\/you-inc-enfrenta-crise-financeira-severissima\/#breadcrumb\",\"itemListElement\":[{\"@type\":\"ListItem\",\"position\":1,\"name\":\"In\u00edcio\",\"item\":\"https:\/\/holfik.com\/\"},{\"@type\":\"ListItem\",\"position\":2,\"name\":\"You, Inc Enfrenta Crise Financeira Sever\u00edssima\"}]},{\"@type\":\"WebSite\",\"@id\":\"https:\/\/holfik.com\/nb\/#website\",\"url\":\"https:\/\/holfik.com\/nb\/\",\"name\":\"Holfik\",\"description\":\"Site de Not\u00edcias e M\u00eddia\",\"publisher\":{\"@id\":\"https:\/\/holfik.com\/nb\/#organization\"},\"potentialAction\":[{\"@type\":\"SearchAction\",\"target\":{\"@type\":\"EntryPoint\",\"urlTemplate\":\"https:\/\/holfik.com\/nb\/?s={search_term_string}\"},\"query-input\":\"required name=search_term_string\"}],\"inLanguage\":\"sv-SE\"},{\"@type\":\"Organization\",\"@id\":\"https:\/\/holfik.com\/nb\/#organization\",\"name\":\"Holfik\",\"url\":\"https:\/\/holfik.com\/nb\/\",\"logo\":{\"@type\":\"ImageObject\",\"inLanguage\":\"sv-SE\",\"@id\":\"https:\/\/holfik.com\/nb\/#\/schema\/logo\/image\/\",\"url\":\"https:\/\/holfik.com\/wp-content\/uploads\/2025\/07\/download1.png\",\"contentUrl\":\"https:\/\/holfik.com\/wp-content\/uploads\/2025\/07\/download1.png\",\"width\":150,\"height\":100,\"caption\":\"Holfik\"},\"image\":{\"@id\":\"https:\/\/holfik.com\/nb\/#\/schema\/logo\/image\/\"}},{\"@type\":\"Person\",\"@id\":\"https:\/\/holfik.com\/nb\/#\/schema\/person\/0c9e2e2e8cdad72c8e45b4cda8a06782\",\"name\":\"Andre\",\"image\":{\"@type\":\"ImageObject\",\"inLanguage\":\"sv-SE\",\"@id\":\"https:\/\/holfik.com\/nb\/#\/schema\/person\/image\/\",\"url\":\"https:\/\/secure.gravatar.com\/avatar\/631490c4d2811d45d5ab65f57e75e5cdca7c252f1eb8dd5b4eb4a7818d1dfaf6?s=96&d=mm&r=g\",\"contentUrl\":\"https:\/\/secure.gravatar.com\/avatar\/631490c4d2811d45d5ab65f57e75e5cdca7c252f1eb8dd5b4eb4a7818d1dfaf6?s=96&d=mm&r=g\",\"caption\":\"Andre\"},\"url\":\"https:\/\/holfik.com\/sv\/author\/andre\/\"}]}<\/script>\n<!-- \/ Yoast SEO plugin. -->","yoast_head_json":{"title":"You, Inc Enfrenta Crise Financeira Sever\u00edssima - Holfik","robots":{"index":"index","follow":"follow","max-snippet":"max-snippet:-1","max-image-preview":"max-image-preview:large","max-video-preview":"max-video-preview:-1"},"canonical":"https:\/\/holfik.com\/sv\/you-inc-enfrenta-crise-financeira-severissima\/","og_locale":"sv_SE","og_type":"article","og_title":"You, Inc Enfrenta Crise Financeira Sever\u00edssima - Holfik","og_description":"Crise Financeira da A You, Inc se intensifica \u00e0 medida que a empresa enfrenta quest\u00f5es graves que comprometem sua opera\u00e7\u00e3o e reputa\u00e7\u00e3o no mercado. Neste artigo, exploraremos os fatores que levaram \u00e0 acumula\u00e7\u00e3o de um patrim\u00f4nio negativo de R$ 312 milh\u00f5es e um preju\u00edzo de R$ 82 milh\u00f5es no primeiro [&hellip;]","og_url":"https:\/\/holfik.com\/sv\/you-inc-enfrenta-crise-financeira-severissima\/","og_site_name":"Holfik","article_published_time":"2026-09-06T20:01:12+00:00","author":"Andre","twitter_card":"summary_large_image","twitter_misc":{"Skriven av":"Andre","Ber\u00e4knad l\u00e4stid":"6 minuter"},"schema":{"@context":"https:\/\/schema.org","@graph":[{"@type":"Article","@id":"https:\/\/holfik.com\/you-inc-enfrenta-crise-financeira-severissima\/#article","isPartOf":{"@id":"https:\/\/holfik.com\/you-inc-enfrenta-crise-financeira-severissima\/"},"author":{"name":"Andre","@id":"https:\/\/holfik.com\/nb\/#\/schema\/person\/0c9e2e2e8cdad72c8e45b4cda8a06782"},"headline":"You, Inc Enfrenta Crise Financeira Sever\u00edssima","datePublished":"2026-09-06T20:01:12+00:00","dateModified":"2026-09-06T20:01:12+00:00","mainEntityOfPage":{"@id":"https:\/\/holfik.com\/you-inc-enfrenta-crise-financeira-severissima\/"},"wordCount":1193,"commentCount":0,"publisher":{"@id":"https:\/\/holfik.com\/nb\/#organization"},"image":{"@id":"https:\/\/holfik.com\/you-inc-enfrenta-crise-financeira-severissima\/#primaryimage"},"thumbnailUrl":"https:\/\/holfik.com\/wp-content\/uploads\/2026\/09\/1788724869976.png","keywords":["crise financeira","patrim\u00f4nio negativo","preju\u00edzo"],"articleSection":["Economia e Finan\u00e7as"],"inLanguage":"sv-SE","potentialAction":[{"@type":"CommentAction","name":"Comment","target":["https:\/\/holfik.com\/you-inc-enfrenta-crise-financeira-severissima\/#respond"]}]},{"@type":"WebPage","@id":"https:\/\/holfik.com\/you-inc-enfrenta-crise-financeira-severissima\/","url":"https:\/\/holfik.com\/you-inc-enfrenta-crise-financeira-severissima\/","name":"You, Inc Enfrenta Crise Financeira Sever\u00edssima - Holfik","isPartOf":{"@id":"https:\/\/holfik.com\/nb\/#website"},"primaryImageOfPage":{"@id":"https:\/\/holfik.com\/you-inc-enfrenta-crise-financeira-severissima\/#primaryimage"},"image":{"@id":"https:\/\/holfik.com\/you-inc-enfrenta-crise-financeira-severissima\/#primaryimage"},"thumbnailUrl":"https:\/\/holfik.com\/wp-content\/uploads\/2026\/09\/1788724869976.png","datePublished":"2026-09-06T20:01:12+00:00","dateModified":"2026-09-06T20:01:12+00:00","breadcrumb":{"@id":"https:\/\/holfik.com\/you-inc-enfrenta-crise-financeira-severissima\/#breadcrumb"},"inLanguage":"sv-SE","potentialAction":[{"@type":"ReadAction","target":["https:\/\/holfik.com\/you-inc-enfrenta-crise-financeira-severissima\/"]}]},{"@type":"ImageObject","inLanguage":"sv-SE","@id":"https:\/\/holfik.com\/you-inc-enfrenta-crise-financeira-severissima\/#primaryimage","url":"https:\/\/holfik.com\/wp-content\/uploads\/2026\/09\/1788724869976.png","contentUrl":"https:\/\/holfik.com\/wp-content\/uploads\/2026\/09\/1788724869976.png","width":1024,"height":624,"caption":"Imagem representando a crise financeira enfrentada pela You, Inc, com destaque para os n\u00fameros negativos e protestos de consumidores."},{"@type":"BreadcrumbList","@id":"https:\/\/holfik.com\/you-inc-enfrenta-crise-financeira-severissima\/#breadcrumb","itemListElement":[{"@type":"ListItem","position":1,"name":"In\u00edcio","item":"https:\/\/holfik.com\/"},{"@type":"ListItem","position":2,"name":"You, Inc Enfrenta Crise Financeira Sever\u00edssima"}]},{"@type":"WebSite","@id":"https:\/\/holfik.com\/nb\/#website","url":"https:\/\/holfik.com\/nb\/","name":"Holfik","description":"Site de Not\u00edcias e M\u00eddia","publisher":{"@id":"https:\/\/holfik.com\/nb\/#organization"},"potentialAction":[{"@type":"SearchAction","target":{"@type":"EntryPoint","urlTemplate":"https:\/\/holfik.com\/nb\/?s={search_term_string}"},"query-input":"required name=search_term_string"}],"inLanguage":"sv-SE"},{"@type":"Organization","@id":"https:\/\/holfik.com\/nb\/#organization","name":"Holfik","url":"https:\/\/holfik.com\/nb\/","logo":{"@type":"ImageObject","inLanguage":"sv-SE","@id":"https:\/\/holfik.com\/nb\/#\/schema\/logo\/image\/","url":"https:\/\/holfik.com\/wp-content\/uploads\/2025\/07\/download1.png","contentUrl":"https:\/\/holfik.com\/wp-content\/uploads\/2025\/07\/download1.png","width":150,"height":100,"caption":"Holfik"},"image":{"@id":"https:\/\/holfik.com\/nb\/#\/schema\/logo\/image\/"}},{"@type":"Person","@id":"https:\/\/holfik.com\/nb\/#\/schema\/person\/0c9e2e2e8cdad72c8e45b4cda8a06782","name":"Andre","image":{"@type":"ImageObject","inLanguage":"sv-SE","@id":"https:\/\/holfik.com\/nb\/#\/schema\/person\/image\/","url":"https:\/\/secure.gravatar.com\/avatar\/631490c4d2811d45d5ab65f57e75e5cdca7c252f1eb8dd5b4eb4a7818d1dfaf6?s=96&d=mm&r=g","contentUrl":"https:\/\/secure.gravatar.com\/avatar\/631490c4d2811d45d5ab65f57e75e5cdca7c252f1eb8dd5b4eb4a7818d1dfaf6?s=96&d=mm&r=g","caption":"Andre"},"url":"https:\/\/holfik.com\/sv\/author\/andre\/"}]}},"_links":{"self":[{"href":"https:\/\/holfik.com\/sv\/wp-json\/wp\/v2\/posts\/2518","targetHints":{"allow":["GET"]}}],"collection":[{"href":"https:\/\/holfik.com\/sv\/wp-json\/wp\/v2\/posts"}],"about":[{"href":"https:\/\/holfik.com\/sv\/wp-json\/wp\/v2\/types\/post"}],"author":[{"embeddable":true,"href":"https:\/\/holfik.com\/sv\/wp-json\/wp\/v2\/users\/11"}],"replies":[{"embeddable":true,"href":"https:\/\/holfik.com\/sv\/wp-json\/wp\/v2\/comments?post=2518"}],"version-history":[{"count":0,"href":"https:\/\/holfik.com\/sv\/wp-json\/wp\/v2\/posts\/2518\/revisions"}],"wp:featuredmedia":[{"embeddable":true,"href":"https:\/\/holfik.com\/sv\/wp-json\/wp\/v2\/media\/2517"}],"wp:attachment":[{"href":"https:\/\/holfik.com\/sv\/wp-json\/wp\/v2\/media?parent=2518"}],"wp:term":[{"taxonomy":"category","embeddable":true,"href":"https:\/\/holfik.com\/sv\/wp-json\/wp\/v2\/categories?post=2518"},{"taxonomy":"post_tag","embeddable":true,"href":"https:\/\/holfik.com\/sv\/wp-json\/wp\/v2\/tags?post=2518"}],"curies":[{"name":"wp","href":"https:\/\/api.w.org\/{rel}","templated":true}]}}