{"id":2300,"date":"2026-04-25T17:01:43","date_gmt":"2026-04-25T20:01:43","guid":{"rendered":"https:\/\/holfik.com\/endividamento-alarmante-das-familias-brasileiras\/"},"modified":"2026-04-25T17:01:43","modified_gmt":"2026-04-25T20:01:43","slug":"endividamento-alarmante-das-familias-brasileiras","status":"publish","type":"post","link":"https:\/\/holfik.com\/nl\/endividamento-alarmante-das-familias-brasileiras\/","title":{"rendered":"Endividamento Alarmante das Fam\u00edlias Brasileiras"},"content":{"rendered":"<p><strong>Endividamento Alarmante<\/strong>: O panorama financeiro das fam\u00edlias brasileiras apresenta uma crise de propor\u00e7\u00f5es crescentes, com d\u00edvidas que superam significativamente a m\u00e9dia dos pa\u00edses emergentes.<\/p>\n<p>Neste artigo, exploraremos as ra\u00edzes desse endividamento excessivo, analisando os impactos da situa\u00e7\u00e3o fiscal do Brasil e a falta de coordena\u00e7\u00e3o entre as pol\u00edticas fiscal e monet\u00e1ria.<\/p>\n<p>Tamb\u00e9m discutiremos a credibilidade das regras fiscais e como o d\u00e9ficit real, aliado aos juros elevados, agrava ainda mais essa problem\u00e1tica.<\/p>\n<p>A urg\u00eancia de solu\u00e7\u00f5es estruturais, como educa\u00e7\u00e3o financeira, ser\u00e1 um ponto central em nossa an\u00e1lise.<\/p>\n<h2>Panorama do Endividamento Familiar no Brasil<\/h2>\n<p>O endividamento das fam\u00edlias brasileiras atingiu um patamar <strong>preocupante<\/strong> e j\u00e1 pressiona o consumo, a poupan\u00e7a e a capacidade de rea\u00e7\u00e3o da economia.<\/p>\n<p>Em compara\u00e7\u00e3o com outros pa\u00edses emergentes, a d\u00edvida do Brasil est\u00e1 <u><strong>25 pontos percentuais do PIB acima da m\u00e9dia<\/strong><\/u>, o que revela um descompasso estrutural dif\u00edcil de ignorar.<\/p>\n<blockquote><p>Fonte: Banco Central do Brasil e IBGE<\/p><\/blockquote>\n<p> Esse avan\u00e7o n\u00e3o ocorre isoladamente, porque a renda das fam\u00edlias cresce pouco, o custo do cr\u00e9dito segue elevado e a parcela do or\u00e7amento destinada ao pagamento de d\u00edvidas aumenta de forma persistente.<\/p>\n<p>Assim, sobra menos espa\u00e7o para compras correntes e para formar reservas financeiras, o que enfraquece o consumo das fam\u00edlias e reduz a prote\u00e7\u00e3o contra choques de renda.<\/p>\n<p>Al\u00e9m disso, o quadro fiscal do pa\u00eds limita respostas mais amplas e torna mais dif\u00edcil atacar as causas do problema com rapidez.<\/p>\n<p>Como mostram as informa\u00e7\u00f5es acompanhadas pelo <strong>Bacen<\/strong> e pelo <strong>BIM<\/strong>, a combina\u00e7\u00e3o entre juros altos, renda comprimida e inadimpl\u00eancia crescente cria um ciclo de fragilidade financeira.<\/p>\n<p><u><strong>Esse n\u00edvel de endividamento n\u00e3o \u00e9 apenas um dado estat\u00edstico<\/strong><\/u>: ele afeta decis\u00f5es do dia a dia, inibe a retomada do consumo e posterga a recupera\u00e7\u00e3o da poupan\u00e7a das fam\u00edlias brasileiras.<\/p>\n<h2>Restri\u00e7\u00e3o Fiscal e Desalinhamento de Pol\u00edticas<\/h2>\n<p>A fragilidade fiscal do Brasil e a falta de coordena\u00e7\u00e3o entre a pol\u00edtica fiscal e monet\u00e1ria t\u00eam contribu\u00eddo para o aumento alarmante do endividamento das fam\u00edlias brasileiras.<\/p>\n<p>Essa situa\u00e7\u00e3o se agrava devido \u00e0s altas taxas de juros, que refletem problemas estruturais na condu\u00e7\u00e3o da pol\u00edtica fiscal.<\/p>\n<p>\u00c9 urgente implementar a\u00e7\u00f5es que promovam a educa\u00e7\u00e3o financeira e garantam uma melhor execu\u00e7\u00e3o das regras fiscais para oferecer seguran\u00e7a jur\u00eddica \u00e0 popula\u00e7\u00e3o.<\/p>\n<h2>Limita\u00e7\u00f5es Fiscais Atuais<\/h2>\n<p><p><strong>O teto de gastos enfraquecido<\/strong> j\u00e1 n\u00e3o entrega a \u00e2ncora prometida, porque convive com exce\u00e7\u00f5es, remanejamentos e despesas fora do radar, o que reduz o espa\u00e7o para pol\u00edticas amplas de cr\u00e9dito e transfer\u00eancia.<\/p>\n<\/p>\n<p><strong>A rigidez or\u00e7ament\u00e1ria<\/strong> consome a maior parte do or\u00e7amento em gastos obrigat\u00f3rios, como previd\u00eancia, sa\u00fade e vincula\u00e7\u00f5es constitucionais, e isso comprime a margem para a\u00e7\u00f5es emergenciais voltadas \u00e0s fam\u00edlias endividadas.<\/p>\n<\/p>\n<p><strong>A baixa credibilidade das regras fiscais<\/strong> eleva a desconfian\u00e7a sobre a trajet\u00f3ria da d\u00edvida p\u00fablica, pressiona os juros e encarece o cr\u00e9dito, justamente quando o governo precisaria ampliar o al\u00edvio financeiro.<\/p>\n<\/p>\n<p>Al\u00e9m disso, sem coordena\u00e7\u00e3o consistente entre pol\u00edtica fiscal e monet\u00e1ria, programas como renegocia\u00e7\u00f5es e transfer\u00eancias perdem pot\u00eancia, pois a melhora tempor\u00e1ria do consumo n\u00e3o se sustenta com d\u00e9ficit real maior que o or\u00e7ado.<\/p>\n<\/p>\n<h2>Descoordena\u00e7\u00e3o entre Pol\u00edtica Fiscal e Monet\u00e1ria<\/h2>\n<p>A descoordena\u00e7\u00e3o entre pol\u00edtica fiscal e monet\u00e1ria agrava o endividamento porque o governo estimula a demanda justamente quando o Banco Central eleva juros para conter a infla\u00e7\u00e3o.<\/p>\n<p><strong>Esse choque encarece o cr\u00e9dito<\/strong>, eleva a inadimpl\u00eancia e pressiona ainda mais o servi\u00e7o da d\u00edvida das fam\u00edlias.<\/p>\n<p>Al\u00e9m disso, a falta de credibilidade das regras fiscais aumenta o pr\u00eamio de risco e mant\u00e9m os juros estruturalmente altos.<\/p>\n<ul>\n<li>Amplia\u00e7\u00e3o de gastos e transfer\u00eancias sem ajuste cr\u00edvel, mesmo com Selic alta, reduz o efeito da pol\u00edtica monet\u00e1ria e <strong>pesa sobre a d\u00edvida<\/strong>.<\/li>\n<li>Programas tempor\u00e1rios de renegocia\u00e7\u00e3o, como o Desenrola Brasil, aliviam no curto prazo, por\u00e9m n\u00e3o mudam a trajet\u00f3ria dos juros nem a <strong>press\u00e3o sobre o endividamento<\/strong>.<\/li>\n<li>Despesas ocultas e d\u00e9ficit real maior que o or\u00e7ado sinalizam descontrole fiscal, elevando a percep\u00e7\u00e3o de risco e <strong>encarecendo a d\u00edvida familiar<\/strong>.<\/li>\n<\/ul>\n<h2>D\u00e9ficit Oculto e Estrutura de Juros Altos<\/h2>\n<p><p>O <strong>d\u00e9ficit or\u00e7ado<\/strong> \u00e9 a diferen\u00e7a prevista entre receitas e despesas no projeto de lei, enquanto o <strong>d\u00e9ficit real<\/strong> mostra o que de fato ocorre ap\u00f3s contingenciamentos, frustra\u00e7\u00f5es de arrecada\u00e7\u00e3o e passivos n\u00e3o totalmente explicitados.<\/p>\n<p>Assim, o n\u00famero aprovado pode parecer controlado, mas ainda esconder press\u00f5es que surgem ao longo do exerc\u00edcio, como restos a pagar, subs\u00eddios impl\u00edcitos e despesas financeiras que ampliam o desequil\u00edbrio fiscal.<\/p>\n<\/p>\n<p>Quando o governo posterga custos ou os registra de forma incompleta, o mercado passa a exigir pr\u00eamio maior para financiar a d\u00edvida, e isso mant\u00e9m os juros elevados.<\/p>\n<p>Al\u00e9m disso, juros altos encarecem o servi\u00e7o da d\u00edvida, aumentam o d\u00e9ficit nominal e refor\u00e7am a percep\u00e7\u00e3o de risco, criando um ciclo vicioso.<\/p>\n<p>Em um pa\u00eds em que a d\u00edvida est\u00e1 <u>25 pontos percentuais do PIB<\/u> acima da m\u00e9dia dos emergentes, a taxa de juros deixa de ser conjuntural e revela um <strong>problema estrutural<\/strong> ligado \u00e0 fragilidade fiscal.<\/p>\n<\/p>\n<table>\n<thead>\n<tr>\n<th>D\u00e9ficit Previsto<\/th>\n<th>D\u00e9ficit Real<\/th>\n<\/tr>\n<\/thead>\n<tbody>\n<tr>\n<td>R$ X bi<\/td>\n<td>R$ Y bi<\/td>\n<\/tr>\n<\/tbody>\n<\/table>\n<h2>Cr\u00edticas a Solu\u00e7\u00f5es Tempor\u00e1rias e Propostas Estruturais<\/h2>\n<p>Programma&#039;s zoals <strong>Desenrola Brasil<\/strong> ajudam no al\u00edvio imediato, por\u00e9m n\u00e3o enfrentam o n\u00facleo do problema.<\/p>\n<p>Como destacou o economista-chefe da ARX, Gabriel Barros, medidas pontuais n\u00e3o resolvem o endividamento de forma duradoura, porque a press\u00e3o fiscal, os juros altos e a fragilidade das regras continuam empurrando as fam\u00edlias para novas d\u00edvidas.<\/p>\n<p>Al\u00e9m disso, quando a renegocia\u00e7\u00e3o ocorre sem mudan\u00e7a de comportamento financeiro, o consumidor pode voltar a atrasar pagamentos.<\/p>\n<p>Nesse contexto, a falta de <u><strong>educa\u00e7\u00e3o financeira<\/strong><\/u> aprofunda o ciclo de inadimpl\u00eancia, enquanto a baixa previsibilidade institucional reduz a confian\u00e7a no mercado de cr\u00e9dito.<\/p>\n<blockquote><p>Fonte: cr\u00edticas recorrentes de especialistas ao car\u00e1ter paliativo de programas de renegocia\u00e7\u00e3o<\/p><\/blockquote>\n<p>Por isso, a solu\u00e7\u00e3o precisa ser estrutural e cont\u00ednua.<\/p>\n<p>O pa\u00eds deve combinar preven\u00e7\u00e3o, informa\u00e7\u00e3o e ambiente jur\u00eddico mais s\u00f3lido para reduzir o custo do cr\u00e9dito e proteger as fam\u00edlias.<\/p>\n<p>Tamb\u00e9m \u00e9 essencial melhorar a execu\u00e7\u00e3o de garantias, porque a <u><strong>rechtszekerheid<\/strong><\/u> incentiva concess\u00e3o respons\u00e1vel e diminui a necessidade de juros t\u00e3o altos.<\/p>\n<ul>\n<li><strong>Educa\u00e7\u00e3o financeira obrigat\u00f3ria<\/strong> nas escolas e em programas para adultos endividados<\/li>\n<li><strong>Regras fiscais cr\u00edveis<\/strong> para reduzir incerteza e conter o pr\u00eamio de risco<\/li>\n<li><strong>Execu\u00e7\u00e3o de garantias mais eficiente<\/strong>, com menos lit\u00edgios e mais previsibilidade<\/li>\n<li><strong>Transpar\u00eancia no cr\u00e9dito<\/strong>, com informa\u00e7\u00e3o clara sobre juros, encargos e riscos<\/li>\n<\/ul>\n<p><strong>Tot slot<\/strong>, o endividamento alarmante das fam\u00edlias brasileiras clama por aten\u00e7\u00e3o imediata.<\/p>\n<p>\u00c9 essencial que se adotem medidas estruturais e se fortale\u00e7a a seguran\u00e7a jur\u00eddica para enfrentar essa crise e proporcionar aos cidad\u00e3os um futuro financeiro mais sustent\u00e1vel.<\/p>","protected":false},"excerpt":{"rendered":"<p>Endividamento Alarmante: O panorama financeiro das fam\u00edlias brasileiras apresenta uma crise de propor\u00e7\u00f5es crescentes, com d\u00edvidas que superam significativamente a m\u00e9dia dos pa\u00edses emergentes. Neste artigo, exploraremos as ra\u00edzes desse endividamento excessivo, analisando os impactos da situa\u00e7\u00e3o fiscal do Brasil e a falta de coordena\u00e7\u00e3o entre as pol\u00edticas fiscal e [&hellip;]<\/p>","protected":false},"author":11,"featured_media":2299,"comment_status":"open","ping_status":"open","sticky":false,"template":"","format":"standard","meta":{"footnotes":""},"categories":[1573],"tags":[1625,703,1687],"class_list":["post-2300","post","type-post","status-publish","format-standard","has-post-thumbnail","hentry","category-economia-e-financas","tag-endividamento","tag-familias-brasileiras","tag-niveis-alarmantes"],"yoast_head":"<!-- This site is optimized with the Yoast SEO plugin v22.5 - https:\/\/yoast.com\/wordpress\/plugins\/seo\/ -->\n<title>Endividamento Alarmante das Fam\u00edlias Brasileiras - Holfik<\/title>\n<meta name=\"robots\" content=\"index, follow, max-snippet:-1, max-image-preview:large, max-video-preview:-1\" \/>\n<link rel=\"canonical\" href=\"https:\/\/holfik.com\/nl\/endividamento-alarmante-das-familias-brasileiras\/\" \/>\n<meta property=\"og:locale\" content=\"nl_NL\" \/>\n<meta property=\"og:type\" content=\"article\" \/>\n<meta property=\"og:title\" content=\"Endividamento Alarmante das Fam\u00edlias Brasileiras - Holfik\" \/>\n<meta property=\"og:description\" content=\"Endividamento Alarmante: O panorama financeiro das fam\u00edlias brasileiras apresenta uma crise de propor\u00e7\u00f5es crescentes, com d\u00edvidas que superam significativamente a m\u00e9dia dos pa\u00edses emergentes. Neste artigo, exploraremos as ra\u00edzes desse endividamento excessivo, analisando os impactos da situa\u00e7\u00e3o fiscal do Brasil e a falta de coordena\u00e7\u00e3o entre as pol\u00edticas fiscal e [&hellip;]\" \/>\n<meta property=\"og:url\" content=\"https:\/\/holfik.com\/nl\/endividamento-alarmante-das-familias-brasileiras\/\" \/>\n<meta property=\"og:site_name\" content=\"Holfik\" \/>\n<meta property=\"article:published_time\" content=\"2026-04-25T20:01:43+00:00\" \/>\n<meta name=\"author\" content=\"Andre\" \/>\n<meta name=\"twitter:card\" content=\"summary_large_image\" \/>\n<meta name=\"twitter:label1\" content=\"Geschreven door\" \/>\n\t<meta name=\"twitter:data1\" content=\"Andre\" \/>\n\t<meta name=\"twitter:label2\" content=\"Geschatte leestijd\" \/>\n\t<meta name=\"twitter:data2\" content=\"6 minuten\" \/>\n<script type=\"application\/ld+json\" class=\"yoast-schema-graph\">{\"@context\":\"https:\/\/schema.org\",\"@graph\":[{\"@type\":\"Article\",\"@id\":\"https:\/\/holfik.com\/endividamento-alarmante-das-familias-brasileiras\/#article\",\"isPartOf\":{\"@id\":\"https:\/\/holfik.com\/endividamento-alarmante-das-familias-brasileiras\/\"},\"author\":{\"name\":\"Andre\",\"@id\":\"http:\/\/holfik.com\/hu\/#\/schema\/person\/703199bb9e047e76d1410ea9fce3e063\"},\"headline\":\"Endividamento Alarmante das Fam\u00edlias Brasileiras\",\"datePublished\":\"2026-04-25T20:01:43+00:00\",\"dateModified\":\"2026-04-25T20:01:43+00:00\",\"mainEntityOfPage\":{\"@id\":\"https:\/\/holfik.com\/endividamento-alarmante-das-familias-brasileiras\/\"},\"wordCount\":1261,\"commentCount\":0,\"publisher\":{\"@id\":\"http:\/\/holfik.com\/hu\/#organization\"},\"image\":{\"@id\":\"https:\/\/holfik.com\/endividamento-alarmante-das-familias-brasileiras\/#primaryimage\"},\"thumbnailUrl\":\"https:\/\/holfik.com\/wp-content\/uploads\/2026\/04\/1777147298215.png\",\"keywords\":[\"endividamento\",\"fam\u00edlias brasileiras\",\"n\u00edveis alarmantes\"],\"articleSection\":[\"Economia e Finan\u00e7as\"],\"inLanguage\":\"nl-NL\",\"potentialAction\":[{\"@type\":\"CommentAction\",\"name\":\"Comment\",\"target\":[\"https:\/\/holfik.com\/endividamento-alarmante-das-familias-brasileiras\/#respond\"]}]},{\"@type\":\"WebPage\",\"@id\":\"https:\/\/holfik.com\/endividamento-alarmante-das-familias-brasileiras\/\",\"url\":\"https:\/\/holfik.com\/endividamento-alarmante-das-familias-brasileiras\/\",\"name\":\"Endividamento Alarmante das Fam\u00edlias Brasileiras - Holfik\",\"isPartOf\":{\"@id\":\"http:\/\/holfik.com\/hu\/#website\"},\"primaryImageOfPage\":{\"@id\":\"https:\/\/holfik.com\/endividamento-alarmante-das-familias-brasileiras\/#primaryimage\"},\"image\":{\"@id\":\"https:\/\/holfik.com\/endividamento-alarmante-das-familias-brasileiras\/#primaryimage\"},\"thumbnailUrl\":\"https:\/\/holfik.com\/wp-content\/uploads\/2026\/04\/1777147298215.png\",\"datePublished\":\"2026-04-25T20:01:43+00:00\",\"dateModified\":\"2026-04-25T20:01:43+00:00\",\"breadcrumb\":{\"@id\":\"https:\/\/holfik.com\/endividamento-alarmante-das-familias-brasileiras\/#breadcrumb\"},\"inLanguage\":\"nl-NL\",\"potentialAction\":[{\"@type\":\"ReadAction\",\"target\":[\"https:\/\/holfik.com\/endividamento-alarmante-das-familias-brasileiras\/\"]}]},{\"@type\":\"ImageObject\",\"inLanguage\":\"nl-NL\",\"@id\":\"https:\/\/holfik.com\/endividamento-alarmante-das-familias-brasileiras\/#primaryimage\",\"url\":\"https:\/\/holfik.com\/wp-content\/uploads\/2026\/04\/1777147298215.png\",\"contentUrl\":\"https:\/\/holfik.com\/wp-content\/uploads\/2026\/04\/1777147298215.png\",\"width\":1024,\"height\":624,\"caption\":\"Gr\u00e1fico ilustrando o endividamento das fam\u00edlias brasileiras e suas consequ\u00eancias econ\u00f4micas.\"},{\"@type\":\"BreadcrumbList\",\"@id\":\"https:\/\/holfik.com\/endividamento-alarmante-das-familias-brasileiras\/#breadcrumb\",\"itemListElement\":[{\"@type\":\"ListItem\",\"position\":1,\"name\":\"In\u00edcio\",\"item\":\"http:\/\/holfik.com\/hu\/\"},{\"@type\":\"ListItem\",\"position\":2,\"name\":\"Endividamento Alarmante das Fam\u00edlias Brasileiras\"}]},{\"@type\":\"WebSite\",\"@id\":\"http:\/\/holfik.com\/hu\/#website\",\"url\":\"http:\/\/holfik.com\/hu\/\",\"name\":\"Holfik\",\"description\":\"Site de Not\u00edcias e M\u00eddia\",\"publisher\":{\"@id\":\"http:\/\/holfik.com\/hu\/#organization\"},\"potentialAction\":[{\"@type\":\"SearchAction\",\"target\":{\"@type\":\"EntryPoint\",\"urlTemplate\":\"http:\/\/holfik.com\/hu\/?s={search_term_string}\"},\"query-input\":\"required name=search_term_string\"}],\"inLanguage\":\"nl-NL\"},{\"@type\":\"Organization\",\"@id\":\"http:\/\/holfik.com\/hu\/#organization\",\"name\":\"Holfik\",\"url\":\"http:\/\/holfik.com\/hu\/\",\"logo\":{\"@type\":\"ImageObject\",\"inLanguage\":\"nl-NL\",\"@id\":\"http:\/\/holfik.com\/hu\/#\/schema\/logo\/image\/\",\"url\":\"https:\/\/holfik.com\/wp-content\/uploads\/2025\/07\/download1.png\",\"contentUrl\":\"https:\/\/holfik.com\/wp-content\/uploads\/2025\/07\/download1.png\",\"width\":150,\"height\":100,\"caption\":\"Holfik\"},\"image\":{\"@id\":\"http:\/\/holfik.com\/hu\/#\/schema\/logo\/image\/\"}},{\"@type\":\"Person\",\"@id\":\"http:\/\/holfik.com\/hu\/#\/schema\/person\/703199bb9e047e76d1410ea9fce3e063\",\"name\":\"Andre\",\"image\":{\"@type\":\"ImageObject\",\"inLanguage\":\"nl-NL\",\"@id\":\"http:\/\/holfik.com\/hu\/#\/schema\/person\/image\/\",\"url\":\"https:\/\/secure.gravatar.com\/avatar\/631490c4d2811d45d5ab65f57e75e5cdca7c252f1eb8dd5b4eb4a7818d1dfaf6?s=96&d=mm&r=g\",\"contentUrl\":\"https:\/\/secure.gravatar.com\/avatar\/631490c4d2811d45d5ab65f57e75e5cdca7c252f1eb8dd5b4eb4a7818d1dfaf6?s=96&d=mm&r=g\",\"caption\":\"Andre\"},\"url\":\"https:\/\/holfik.com\/nl\/author\/andre\/\"}]}<\/script>\n<!-- \/ Yoast SEO plugin. -->","yoast_head_json":{"title":"Endividamento Alarmante das Fam\u00edlias Brasileiras - Holfik","robots":{"index":"index","follow":"follow","max-snippet":"max-snippet:-1","max-image-preview":"max-image-preview:large","max-video-preview":"max-video-preview:-1"},"canonical":"https:\/\/holfik.com\/nl\/endividamento-alarmante-das-familias-brasileiras\/","og_locale":"nl_NL","og_type":"article","og_title":"Endividamento Alarmante das Fam\u00edlias Brasileiras - Holfik","og_description":"Endividamento Alarmante: O panorama financeiro das fam\u00edlias brasileiras apresenta uma crise de propor\u00e7\u00f5es crescentes, com d\u00edvidas que superam significativamente a m\u00e9dia dos pa\u00edses emergentes. Neste artigo, exploraremos as ra\u00edzes desse endividamento excessivo, analisando os impactos da situa\u00e7\u00e3o fiscal do Brasil e a falta de coordena\u00e7\u00e3o entre as pol\u00edticas fiscal e [&hellip;]","og_url":"https:\/\/holfik.com\/nl\/endividamento-alarmante-das-familias-brasileiras\/","og_site_name":"Holfik","article_published_time":"2026-04-25T20:01:43+00:00","author":"Andre","twitter_card":"summary_large_image","twitter_misc":{"Geschreven door":"Andre","Geschatte leestijd":"6 minuten"},"schema":{"@context":"https:\/\/schema.org","@graph":[{"@type":"Article","@id":"https:\/\/holfik.com\/endividamento-alarmante-das-familias-brasileiras\/#article","isPartOf":{"@id":"https:\/\/holfik.com\/endividamento-alarmante-das-familias-brasileiras\/"},"author":{"name":"Andre","@id":"http:\/\/holfik.com\/hu\/#\/schema\/person\/703199bb9e047e76d1410ea9fce3e063"},"headline":"Endividamento Alarmante das Fam\u00edlias Brasileiras","datePublished":"2026-04-25T20:01:43+00:00","dateModified":"2026-04-25T20:01:43+00:00","mainEntityOfPage":{"@id":"https:\/\/holfik.com\/endividamento-alarmante-das-familias-brasileiras\/"},"wordCount":1261,"commentCount":0,"publisher":{"@id":"http:\/\/holfik.com\/hu\/#organization"},"image":{"@id":"https:\/\/holfik.com\/endividamento-alarmante-das-familias-brasileiras\/#primaryimage"},"thumbnailUrl":"https:\/\/holfik.com\/wp-content\/uploads\/2026\/04\/1777147298215.png","keywords":["endividamento","fam\u00edlias brasileiras","n\u00edveis alarmantes"],"articleSection":["Economia e Finan\u00e7as"],"inLanguage":"nl-NL","potentialAction":[{"@type":"CommentAction","name":"Comment","target":["https:\/\/holfik.com\/endividamento-alarmante-das-familias-brasileiras\/#respond"]}]},{"@type":"WebPage","@id":"https:\/\/holfik.com\/endividamento-alarmante-das-familias-brasileiras\/","url":"https:\/\/holfik.com\/endividamento-alarmante-das-familias-brasileiras\/","name":"Endividamento Alarmante das Fam\u00edlias Brasileiras - Holfik","isPartOf":{"@id":"http:\/\/holfik.com\/hu\/#website"},"primaryImageOfPage":{"@id":"https:\/\/holfik.com\/endividamento-alarmante-das-familias-brasileiras\/#primaryimage"},"image":{"@id":"https:\/\/holfik.com\/endividamento-alarmante-das-familias-brasileiras\/#primaryimage"},"thumbnailUrl":"https:\/\/holfik.com\/wp-content\/uploads\/2026\/04\/1777147298215.png","datePublished":"2026-04-25T20:01:43+00:00","dateModified":"2026-04-25T20:01:43+00:00","breadcrumb":{"@id":"https:\/\/holfik.com\/endividamento-alarmante-das-familias-brasileiras\/#breadcrumb"},"inLanguage":"nl-NL","potentialAction":[{"@type":"ReadAction","target":["https:\/\/holfik.com\/endividamento-alarmante-das-familias-brasileiras\/"]}]},{"@type":"ImageObject","inLanguage":"nl-NL","@id":"https:\/\/holfik.com\/endividamento-alarmante-das-familias-brasileiras\/#primaryimage","url":"https:\/\/holfik.com\/wp-content\/uploads\/2026\/04\/1777147298215.png","contentUrl":"https:\/\/holfik.com\/wp-content\/uploads\/2026\/04\/1777147298215.png","width":1024,"height":624,"caption":"Gr\u00e1fico ilustrando o endividamento das fam\u00edlias brasileiras e suas consequ\u00eancias econ\u00f4micas."},{"@type":"BreadcrumbList","@id":"https:\/\/holfik.com\/endividamento-alarmante-das-familias-brasileiras\/#breadcrumb","itemListElement":[{"@type":"ListItem","position":1,"name":"In\u00edcio","item":"http:\/\/holfik.com\/hu\/"},{"@type":"ListItem","position":2,"name":"Endividamento Alarmante das Fam\u00edlias Brasileiras"}]},{"@type":"WebSite","@id":"http:\/\/holfik.com\/hu\/#website","url":"http:\/\/holfik.com\/hu\/","name":"Holfik","description":"Site de Not\u00edcias e M\u00eddia","publisher":{"@id":"http:\/\/holfik.com\/hu\/#organization"},"potentialAction":[{"@type":"SearchAction","target":{"@type":"EntryPoint","urlTemplate":"http:\/\/holfik.com\/hu\/?s={search_term_string}"},"query-input":"required name=search_term_string"}],"inLanguage":"nl-NL"},{"@type":"Organization","@id":"http:\/\/holfik.com\/hu\/#organization","name":"Holfik","url":"http:\/\/holfik.com\/hu\/","logo":{"@type":"ImageObject","inLanguage":"nl-NL","@id":"http:\/\/holfik.com\/hu\/#\/schema\/logo\/image\/","url":"https:\/\/holfik.com\/wp-content\/uploads\/2025\/07\/download1.png","contentUrl":"https:\/\/holfik.com\/wp-content\/uploads\/2025\/07\/download1.png","width":150,"height":100,"caption":"Holfik"},"image":{"@id":"http:\/\/holfik.com\/hu\/#\/schema\/logo\/image\/"}},{"@type":"Person","@id":"http:\/\/holfik.com\/hu\/#\/schema\/person\/703199bb9e047e76d1410ea9fce3e063","name":"Andre","image":{"@type":"ImageObject","inLanguage":"nl-NL","@id":"http:\/\/holfik.com\/hu\/#\/schema\/person\/image\/","url":"https:\/\/secure.gravatar.com\/avatar\/631490c4d2811d45d5ab65f57e75e5cdca7c252f1eb8dd5b4eb4a7818d1dfaf6?s=96&d=mm&r=g","contentUrl":"https:\/\/secure.gravatar.com\/avatar\/631490c4d2811d45d5ab65f57e75e5cdca7c252f1eb8dd5b4eb4a7818d1dfaf6?s=96&d=mm&r=g","caption":"Andre"},"url":"https:\/\/holfik.com\/nl\/author\/andre\/"}]}},"_links":{"self":[{"href":"https:\/\/holfik.com\/nl\/wp-json\/wp\/v2\/posts\/2300","targetHints":{"allow":["GET"]}}],"collection":[{"href":"https:\/\/holfik.com\/nl\/wp-json\/wp\/v2\/posts"}],"about":[{"href":"https:\/\/holfik.com\/nl\/wp-json\/wp\/v2\/types\/post"}],"author":[{"embeddable":true,"href":"https:\/\/holfik.com\/nl\/wp-json\/wp\/v2\/users\/11"}],"replies":[{"embeddable":true,"href":"https:\/\/holfik.com\/nl\/wp-json\/wp\/v2\/comments?post=2300"}],"version-history":[{"count":0,"href":"https:\/\/holfik.com\/nl\/wp-json\/wp\/v2\/posts\/2300\/revisions"}],"wp:featuredmedia":[{"embeddable":true,"href":"https:\/\/holfik.com\/nl\/wp-json\/wp\/v2\/media\/2299"}],"wp:attachment":[{"href":"https:\/\/holfik.com\/nl\/wp-json\/wp\/v2\/media?parent=2300"}],"wp:term":[{"taxonomy":"category","embeddable":true,"href":"https:\/\/holfik.com\/nl\/wp-json\/wp\/v2\/categories?post=2300"},{"taxonomy":"post_tag","embeddable":true,"href":"https:\/\/holfik.com\/nl\/wp-json\/wp\/v2\/tags?post=2300"}],"curies":[{"name":"wp","href":"https:\/\/api.w.org\/{rel}","templated":true}]}}