{"id":2516,"date":"2026-09-02T17:01:57","date_gmt":"2026-09-02T20:01:57","guid":{"rendered":"https:\/\/holfik.com\/reforma-tributaria-impacta-estrategias-empresariais\/"},"modified":"2026-09-02T17:01:57","modified_gmt":"2026-09-02T20:01:57","slug":"reforma-tributaria-impacta-estrategias-empresariais","status":"publish","type":"post","link":"https:\/\/holfik.com\/fr\/reforma-tributaria-impacta-estrategias-empresariais\/","title":{"rendered":"Reforma Tribut\u00e1ria Impacta Estrat\u00e9gias Empresariais"},"content":{"rendered":"<p><strong>A Reforma Tribut\u00e1ria<\/strong> est\u00e1 impactando profundamente as <strong>Estrat\u00e9gias Empresariais<\/strong> no Brasil, for\u00e7ando as empresas a reavaliar suas pr\u00e1ticas e opera\u00e7\u00f5es.<\/p>\n<p>Neste artigo, exploraremos as mudan\u00e7as significativas nas estrat\u00e9gias de neg\u00f3cios, incluindo a adapta\u00e7\u00e3o das opera\u00e7\u00f5es fiscais \u00e0 nova estrutura tribut\u00e1ria, a coexist\u00eancia dos sistemas tribut\u00e1rios e a revis\u00e3o de localiza\u00e7\u00f5es e cadeias de suprimentos.<\/p>\n<p>Tamb\u00e9m abordaremos os efeitos da reforma na forma\u00e7\u00e3o de pre\u00e7os, a necessidade de capital de giro e o aumento dos investimentos em tecnologia, al\u00e9m das dificuldades enfrentadas na contrata\u00e7\u00e3o de profissionais qualificados para essa nova realidade.<\/p>\n<p><\/strong><\/p>\n<h2>Panorama dos Impactos Estrat\u00e9gicos da Reforma Tribut\u00e1ria<\/h2>\n<p>A Reforma Tribut\u00e1ria j\u00e1 reorganiza prioridades nas empresas brasileiras, e isso aparece com for\u00e7a nos dados consolidados.<\/p>\n<p><strong>89% das 148 empresas<\/strong> consultadas j\u00e1 analisaram os impactos da mudan\u00e7a, o que mostra um movimento amplo de prepara\u00e7\u00e3o.<\/p>\n<p>En outre, <strong>86%<\/strong> j\u00e1 automatizaram opera\u00e7\u00f5es fiscais, acelerando ajustes em rotinas, integra\u00e7\u00e3o de sistemas e valida\u00e7\u00e3o de dados para reduzir riscos na transi\u00e7\u00e3o.<\/p>\n<p>Esse avan\u00e7o n\u00e3o se limita ao time fiscal.<\/p>\n<p>A reforma vem influenciando decis\u00f5es t\u00e1ticas e estrat\u00e9gicas em \u00e1reas como finan\u00e7as, tecnologia e cadeia de suprimentos, porque a conviv\u00eancia entre os modelos antigo e novo exige controle cont\u00ednuo.<\/p>\n<p>Nesse cen\u00e1rio, <u><strong>60% das organiza\u00e7\u00f5es demonstram preocupa\u00e7\u00e3o com a coexist\u00eancia dos sistemas tribut\u00e1rios<\/strong><\/u>, alors que <u><strong>51% projetam aumento da carga tribut\u00e1ria<\/strong><\/u>.<\/p>\n<p>Como resultado, as empresas refor\u00e7am investimentos em tecnologia, revisam precifica\u00e7\u00e3o e reavaliam capital de giro, especialmente pela poss\u00edvel demora na compensa\u00e7\u00e3o de cr\u00e9ditos tribut\u00e1rios.<\/p>\n<h2>Desafios da Coexist\u00eancia dos Sistemas Tribut\u00e1rios Antigo e Novo<\/h2>\n<p><p>A coexist\u00eancia dos sistemas tribut\u00e1rios antigo e novo j\u00e1 preocupa <strong>60% das empresas<\/strong>, porque amplia a chance de erro em cadastros, apura\u00e7\u00e3o, escritura\u00e7\u00e3o e pagamento.<\/p>\n<blockquote><p>\u00ab<strong>Estamos diante de uma sobreposi\u00e7\u00e3o in\u00e9dita de obriga\u00e7\u00f5es<\/strong>\u201d, destaca especialista em tributa\u00e7\u00e3o<\/p><\/blockquote>\n<p> Na pr\u00e1tica, compliance precisar\u00e1 revisar regras distintas ao mesmo tempo, com controles mais r\u00edgidos para evitar autua\u00e7\u00f5es, diverg\u00eancias de cr\u00e9ditos e falhas na emiss\u00e3o de documentos fiscais.<\/p>\n<p>Ao mesmo tempo, a \u00e1rea de TI ter\u00e1 de adaptar ERPs, integra\u00e7\u00f5es e parametriza\u00e7\u00f5es com rapidez, garantindo rastreabilidade e atualiza\u00e7\u00e3o cont\u00ednua dos layouts fiscais.<\/p>\n<p>J\u00e1 a contabilidade enfrentar\u00e1 mais concilia\u00e7\u00f5es, maior volume de valida\u00e7\u00f5es e risco de retrabalho, especialmente na transi\u00e7\u00e3o entre bases antigas e novas.<\/p>\n<p>Al\u00e9m disso, a conviv\u00eancia dos regimes aumenta a press\u00e3o sobre <u><strong>processos operacionais<\/strong><\/u>, pois qualquer inconsist\u00eancia pode comprometer fluxo de caixa, compliance e seguran\u00e7a jur\u00eddica.<\/p>\n<p>Portanto, empresas que anteciparem testes, governan\u00e7a e automa\u00e7\u00e3o reduzir\u00e3o a exposi\u00e7\u00e3o aos <strong>riscos jur\u00eddicos<\/strong> e operacionais.<\/p>\n<\/p>\n<h2>Revis\u00e3o de Localiza\u00e7\u00e3o e Cadeia de Suprimentos<\/h2>\n<p>A redu\u00e7\u00e3o dos incentivos fiscais na reforma tribut\u00e1ria est\u00e1 levando muitas empresas a reavaliar sua malha log\u00edstica, porque a localiza\u00e7\u00e3o de centros de distribui\u00e7\u00e3o deixou de ser definida apenas por benef\u00edcio tribut\u00e1rio e passou a depender mais de custo operacional, prazo de entrega e acesso a mercados consumidores.<\/p>\n<p>Nesse cen\u00e1rio, 57% das companhias beneficiadas por incentivos j\u00e1 consideram rever fornecedores e unidades log\u00edsticas, buscando preservar margem e competitividade.<\/p>\n<ul>\n<li>Mudan\u00e7a de incentivos regionais, que enfraquece a vantagem de manter opera\u00e7\u00f5es em determinadas pra\u00e7as.<\/li>\n<li>Aumento potencial de custos totais, j\u00e1 que frete, armazenagem e transfer\u00eancia podem pesar mais no pre\u00e7o final.<\/li>\n<li><strong>Log\u00edstica integrada<\/strong>, com redes mais enxutas e melhor coordena\u00e7\u00e3o entre compras, estoque e distribui\u00e7\u00e3o.<\/li>\n<li>Risco de perda de competitividade, especialmente para empresas com cadeias longas e baixa efici\u00eancia operacional.<\/li>\n<\/ul>\n<p>Al\u00e9m disso, a transi\u00e7\u00e3o tribut\u00e1ria pode elevar a necessidade de capital de giro, pois cr\u00e9ditos podem demorar mais para se compensar.<\/p>\n<p>Por isso, rever fornecedores, rotas e centros de distribui\u00e7\u00e3o tornou-se uma decis\u00e3o estrat\u00e9gica para proteger rentabilidade e responder mais r\u00e1pido \u00e0s mudan\u00e7as do mercado.<\/p>\n<h2>Forma\u00e7\u00e3o de Pre\u00e7os e Proje\u00e7\u00e3o de Carga Tribut\u00e1ria<\/h2>\n<p>A proje\u00e7\u00e3o de que <strong>51% das empresas esperam aumento da carga tribut\u00e1ria<\/strong> altera diretamente a forma\u00e7\u00e3o de pre\u00e7os, porque o imposto deixa de ser apenas um componente cont\u00e1bil e passa a pressionar margem, giro e competitividade.<\/p>\n<p>Assim, setores com menor repasse ao mercado, como ind\u00fastria de transforma\u00e7\u00e3o e servi\u00e7os intensivos em m\u00e3o de obra, tendem a absorver parte desse impacto no curto prazo, enquanto segmentos com maior poder de pre\u00e7o conseguem transferi-lo ao consumidor com mais rapidez.<\/p>\n<p>Al\u00e9m disso, a coexist\u00eancia entre sistemas antigo e novo na transi\u00e7\u00e3o amplia a complexidade operacional e dificulta estimativas precisas, elevando o risco de pre\u00e7os desalinhados com a nova realidade fiscal.<\/p>\n<p><strong>Quando a empresa n\u00e3o recalibra sua precifica\u00e7\u00e3o, ela compromete rentabilidade e pode perder espa\u00e7o no mercado.<\/p>\n<p><\/strong><\/p>\n<p>Por outro lado, cen\u00e1rios de repasse integral tendem a aparecer em cadeias com menor elasticidade de demanda, como energia, telecomunica\u00e7\u00f5es e alguns bens essenciais, enquanto mercados mais competitivos exigem estrat\u00e9gias de mitiga\u00e7\u00e3o, como revis\u00e3o de mix, negocia\u00e7\u00e3o com fornecedores, automa\u00e7\u00e3o fiscal e refor\u00e7o do capital de giro.<\/p>\n<p>Nesse contexto, a intelig\u00eancia tribut\u00e1ria passa a orientar decis\u00f5es comerciais, pois a compensa\u00e7\u00e3o de cr\u00e9ditos e o novo desenho das al\u00edquotas podem mudar o custo efetivo por opera\u00e7\u00e3o.<\/p>\n<p><u><strong>Empresas que antecipam esse ajuste conseguem proteger margem e reduzir choques no pre\u00e7o final.<\/p>\n<p><\/strong><\/u><\/p>\n<table>\n<thead>\n<tr>\n<th>Situation<\/th>\n<th>Al\u00edquota (%)<\/th>\n<th>Diff\u00e9rence<\/th>\n<\/tr>\n<\/thead>\n<tbody>\n<tr>\n<td>Antes da reforma<\/td>\n<td>18,0<\/td>\n<td>Base atual<\/td>\n<\/tr>\n<tr>\n<td>Depois da reforma<\/td>\n<td>22,0<\/td>\n<td>+4,0 p.p.<\/p>\n<\/td>\n<\/tr>\n<tr>\n<td>Varia\u00e7\u00e3o m\u00e9dia estimada<\/td>\n<td>\u2014<\/td>\n<td>+22,2%<\/td>\n<\/tr>\n<\/tbody>\n<\/table>\n<h2>Press\u00e3o sobre Capital de Giro e Compensa\u00e7\u00e3o de Cr\u00e9ditos<\/h2>\n<p>A Reforma Tribut\u00e1ria tende a pressionar <strong>capital de giro<\/strong> porque a compensa\u00e7\u00e3o de cr\u00e9ditos pode n\u00e3o ocorrer com a mesma velocidade do desembolso dos novos tributos.<\/p>\n<p>Assim, mesmo empresas que j\u00e1 automatizaram rotinas fiscais precisam reservar caixa adicional para atravessar a transi\u00e7\u00e3o sem ruptura operacional.<\/p>\n<p>Em setores de alta intensidade financeira, como varejo, ind\u00fastria, log\u00edstica e servi\u00e7os com margens apertadas, qualquer atraso na restitui\u00e7\u00e3o amplia a necessidade de liquidez.<\/p>\n<p>Al\u00e9m disso, companhias que dependem de incentivos fiscais ou de cadeias longas de fornecimento podem sentir o efeito com mais for\u00e7a, j\u00e1 que o dinheiro fica imobilizado at\u00e9 a valida\u00e7\u00e3o dos cr\u00e9ditos.<\/p>\n<p>A consequ\u00eancia pr\u00e1tica \u00e9 dupla: maior custo financeiro e mais press\u00e3o sobre decis\u00f5es de pre\u00e7o, prazo e estoque.<\/p>\n<p>Por isso, o planejamento deve simular cen\u00e1rios de recebimento, calend\u00e1rio de cr\u00e9ditos e eventuais descompassos entre entrada e sa\u00edda de caixa.<\/p>\n<p>Desse modo, a empresa antecipa a necessidade de financiamento, renegocia prazos com fornecedores e avalia se precisa refor\u00e7ar linhas banc\u00e1rias ou manter reservas internas.<\/p>\n<p>Como 57% das organiza\u00e7\u00f5es com incentivos fiscais j\u00e1 cogitam rever localiza\u00e7\u00e3o ou cadeia de suprimentos, o tema deixou de ser apenas tribut\u00e1rio e passou a ser estrat\u00e9gico.<\/p>\n<blockquote><p>\u201cPara o CFO, a pergunta n\u00e3o \u00e9 apenas quanto a reforma muda a tributa\u00e7\u00e3o, mas quanto caixa ela exige at\u00e9 os cr\u00e9ditos virarem liquidez real.\u201d<\/p><\/blockquote>\n<h2>Investimentos em Tecnologia e Capacita\u00e7\u00e3o Profissional<\/h2>\n<p><p>Os investimentos em tecnologia avan\u00e7aram de forma acelerada, e <strong>72% das empresas j\u00e1 ampliaram seus aportes em TI<\/strong> para sustentar a adapta\u00e7\u00e3o \u00e0 reforma tribut\u00e1ria.<\/p>\n<p>Esse movimento ocorre porque a transi\u00e7\u00e3o exige automa\u00e7\u00e3o fiscal, integra\u00e7\u00e3o de dados e controle mais rigoroso sobre cr\u00e9ditos, d\u00e9bitos e obriga\u00e7\u00f5es acess\u00f3rias.<\/p>\n<p>Al\u00e9m disso, a coexist\u00eancia entre os sistemas antigo e novo amplia a complexidade operacional, eleva o risco de erro e pressiona o caixa, j\u00e1 que a compensa\u00e7\u00e3o de cr\u00e9ditos pode demorar.<\/p>\n<p>Assim, as organiza\u00e7\u00f5es buscam solu\u00e7\u00f5es que reduzam retrabalho e aumentem a previsibilidade tribut\u00e1ria.<\/p>\n<\/p>\n<p>Por isso, a capacita\u00e7\u00e3o virou prioridade e precisa acompanhar a velocidade dos novos sistemas.<\/p>\n<\/p>\n<ul>\n<li><strong>ERP fiscal em nuvem<\/strong>: treinamento para parametriza\u00e7\u00e3o tribut\u00e1ria, testes de integra\u00e7\u00e3o e leitura de regras da CBS e do IBS.<\/li>\n<li><strong>Automa\u00e7\u00e3o de compliance<\/strong>: capacita\u00e7\u00e3o em valida\u00e7\u00e3o de documentos, rastreabilidade e alertas de inconsist\u00eancia.<\/li>\n<li><strong>Analytics tribut\u00e1rio<\/strong>: forma\u00e7\u00e3o para interpretar dados, simular cen\u00e1rios e apoiar decis\u00f5es de precifica\u00e7\u00e3o.<\/li>\n<li><strong>Gest\u00e3o de cr\u00e9ditos fiscais<\/strong>: preparo para controlar saldos, acompanhar compensa\u00e7\u00f5es e reduzir perdas financeiras.<\/li>\n<\/ul>\n<p><p><u><strong>\u201cA maior dificuldade hoje n\u00e3o \u00e9 comprar tecnologia, e sim encontrar gente que entenda legisla\u00e7\u00e3o, processos e sistemas ao mesmo tempo\u201d<\/strong><\/u><\/p>\n<\/p>\n<p><strong>Em s\u00edntese, a Reforma Tribut\u00e1ria representa um desafio significativo, mas tamb\u00e9m uma oportunidade para as empresas se adaptarem e se modernizarem, buscando sempre a efici\u00eancia e a competitividade no mercado.<\/p>\n<p><\/strong><\/p>","protected":false},"excerpt":{"rendered":"<p>A Reforma Tribut\u00e1ria est\u00e1 impactando profundamente as Estrat\u00e9gias Empresariais no Brasil, for\u00e7ando as empresas a reavaliar suas pr\u00e1ticas e opera\u00e7\u00f5es. Neste artigo, exploraremos as mudan\u00e7as significativas nas estrat\u00e9gias de neg\u00f3cios, incluindo a adapta\u00e7\u00e3o das opera\u00e7\u00f5es fiscais \u00e0 nova estrutura tribut\u00e1ria, a coexist\u00eancia dos sistemas tribut\u00e1rios e a revis\u00e3o de localiza\u00e7\u00f5es [&hellip;]<\/p>","protected":false},"author":11,"featured_media":2515,"comment_status":"open","ping_status":"open","sticky":false,"template":"","format":"standard","meta":{"footnotes":""},"categories":[1573],"tags":[1845,1198,1844],"class_list":["post-2516","post","type-post","status-publish","format-standard","has-post-thumbnail","hentry","category-economia-e-financas","tag-estrategias-de-negocios","tag-reforma-tributaria","tag-setores-economicos"],"yoast_head":"<!-- This site is optimized with the Yoast SEO plugin v22.5 - https:\/\/yoast.com\/wordpress\/plugins\/seo\/ -->\n<title>Reforma Tribut\u00e1ria Impacta Estrat\u00e9gias Empresariais - Holfik<\/title>\n<meta name=\"robots\" content=\"index, follow, max-snippet:-1, max-image-preview:large, max-video-preview:-1\" \/>\n<link rel=\"canonical\" href=\"https:\/\/holfik.com\/fr\/reforma-tributaria-impacta-estrategias-empresariais\/\" \/>\n<meta property=\"og:locale\" content=\"fr_FR\" \/>\n<meta property=\"og:type\" content=\"article\" \/>\n<meta property=\"og:title\" content=\"Reforma Tribut\u00e1ria Impacta Estrat\u00e9gias Empresariais - Holfik\" \/>\n<meta property=\"og:description\" content=\"A Reforma Tribut\u00e1ria est\u00e1 impactando profundamente as Estrat\u00e9gias Empresariais no Brasil, for\u00e7ando as empresas a reavaliar suas pr\u00e1ticas e opera\u00e7\u00f5es. Neste artigo, exploraremos as mudan\u00e7as significativas nas estrat\u00e9gias de neg\u00f3cios, incluindo a adapta\u00e7\u00e3o das opera\u00e7\u00f5es fiscais \u00e0 nova estrutura tribut\u00e1ria, a coexist\u00eancia dos sistemas tribut\u00e1rios e a revis\u00e3o de localiza\u00e7\u00f5es [&hellip;]\" \/>\n<meta property=\"og:url\" content=\"https:\/\/holfik.com\/fr\/reforma-tributaria-impacta-estrategias-empresariais\/\" \/>\n<meta property=\"og:site_name\" content=\"Holfik\" \/>\n<meta property=\"article:published_time\" content=\"2026-09-02T20:01:57+00:00\" \/>\n<meta name=\"author\" content=\"Andre\" \/>\n<meta name=\"twitter:card\" content=\"summary_large_image\" \/>\n<meta name=\"twitter:label1\" content=\"\u00c9crit par\" \/>\n\t<meta name=\"twitter:data1\" content=\"Andre\" \/>\n\t<meta name=\"twitter:label2\" content=\"Dur\u00e9e de lecture estim\u00e9e\" \/>\n\t<meta name=\"twitter:data2\" content=\"7 minutes\" \/>\n<script type=\"application\/ld+json\" class=\"yoast-schema-graph\">{\"@context\":\"https:\/\/schema.org\",\"@graph\":[{\"@type\":\"Article\",\"@id\":\"https:\/\/holfik.com\/reforma-tributaria-impacta-estrategias-empresariais\/#article\",\"isPartOf\":{\"@id\":\"https:\/\/holfik.com\/reforma-tributaria-impacta-estrategias-empresariais\/\"},\"author\":{\"name\":\"Andre\",\"@id\":\"https:\/\/holfik.com\/nb\/#\/schema\/person\/0c9e2e2e8cdad72c8e45b4cda8a06782\"},\"headline\":\"Reforma Tribut\u00e1ria Impacta Estrat\u00e9gias Empresariais\",\"datePublished\":\"2026-09-02T20:01:57+00:00\",\"dateModified\":\"2026-09-02T20:01:57+00:00\",\"mainEntityOfPage\":{\"@id\":\"https:\/\/holfik.com\/reforma-tributaria-impacta-estrategias-empresariais\/\"},\"wordCount\":1481,\"commentCount\":0,\"publisher\":{\"@id\":\"https:\/\/holfik.com\/nb\/#organization\"},\"image\":{\"@id\":\"https:\/\/holfik.com\/reforma-tributaria-impacta-estrategias-empresariais\/#primaryimage\"},\"thumbnailUrl\":\"https:\/\/holfik.com\/wp-content\/uploads\/2026\/09\/1788379315143.png\",\"keywords\":[\"estrat\u00e9gias de neg\u00f3cios\",\"reforma tribut\u00e1ria\",\"setores econ\u00f4micos\"],\"articleSection\":[\"Economia e Finan\u00e7as\"],\"inLanguage\":\"fr-FR\",\"potentialAction\":[{\"@type\":\"CommentAction\",\"name\":\"Comment\",\"target\":[\"https:\/\/holfik.com\/reforma-tributaria-impacta-estrategias-empresariais\/#respond\"]}]},{\"@type\":\"WebPage\",\"@id\":\"https:\/\/holfik.com\/reforma-tributaria-impacta-estrategias-empresariais\/\",\"url\":\"https:\/\/holfik.com\/reforma-tributaria-impacta-estrategias-empresariais\/\",\"name\":\"Reforma Tribut\u00e1ria Impacta Estrat\u00e9gias Empresariais - Holfik\",\"isPartOf\":{\"@id\":\"https:\/\/holfik.com\/nb\/#website\"},\"primaryImageOfPage\":{\"@id\":\"https:\/\/holfik.com\/reforma-tributaria-impacta-estrategias-empresariais\/#primaryimage\"},\"image\":{\"@id\":\"https:\/\/holfik.com\/reforma-tributaria-impacta-estrategias-empresariais\/#primaryimage\"},\"thumbnailUrl\":\"https:\/\/holfik.com\/wp-content\/uploads\/2026\/09\/1788379315143.png\",\"datePublished\":\"2026-09-02T20:01:57+00:00\",\"dateModified\":\"2026-09-02T20:01:57+00:00\",\"breadcrumb\":{\"@id\":\"https:\/\/holfik.com\/reforma-tributaria-impacta-estrategias-empresariais\/#breadcrumb\"},\"inLanguage\":\"fr-FR\",\"potentialAction\":[{\"@type\":\"ReadAction\",\"target\":[\"https:\/\/holfik.com\/reforma-tributaria-impacta-estrategias-empresariais\/\"]}]},{\"@type\":\"ImageObject\",\"inLanguage\":\"fr-FR\",\"@id\":\"https:\/\/holfik.com\/reforma-tributaria-impacta-estrategias-empresariais\/#primaryimage\",\"url\":\"https:\/\/holfik.com\/wp-content\/uploads\/2026\/09\/1788379315143.png\",\"contentUrl\":\"https:\/\/holfik.com\/wp-content\/uploads\/2026\/09\/1788379315143.png\",\"width\":1024,\"height\":624,\"caption\":\"Mudan\u00e7as nas estrat\u00e9gias empresariais devido \u00e0 reforma tribut\u00e1ria no Brasil.\"},{\"@type\":\"BreadcrumbList\",\"@id\":\"https:\/\/holfik.com\/reforma-tributaria-impacta-estrategias-empresariais\/#breadcrumb\",\"itemListElement\":[{\"@type\":\"ListItem\",\"position\":1,\"name\":\"In\u00edcio\",\"item\":\"https:\/\/holfik.com\/\"},{\"@type\":\"ListItem\",\"position\":2,\"name\":\"Reforma Tribut\u00e1ria Impacta Estrat\u00e9gias Empresariais\"}]},{\"@type\":\"WebSite\",\"@id\":\"https:\/\/holfik.com\/nb\/#website\",\"url\":\"https:\/\/holfik.com\/nb\/\",\"name\":\"Holfik\",\"description\":\"Site de Not\u00edcias e M\u00eddia\",\"publisher\":{\"@id\":\"https:\/\/holfik.com\/nb\/#organization\"},\"potentialAction\":[{\"@type\":\"SearchAction\",\"target\":{\"@type\":\"EntryPoint\",\"urlTemplate\":\"https:\/\/holfik.com\/nb\/?s={search_term_string}\"},\"query-input\":\"required name=search_term_string\"}],\"inLanguage\":\"fr-FR\"},{\"@type\":\"Organization\",\"@id\":\"https:\/\/holfik.com\/nb\/#organization\",\"name\":\"Holfik\",\"url\":\"https:\/\/holfik.com\/nb\/\",\"logo\":{\"@type\":\"ImageObject\",\"inLanguage\":\"fr-FR\",\"@id\":\"https:\/\/holfik.com\/nb\/#\/schema\/logo\/image\/\",\"url\":\"https:\/\/holfik.com\/wp-content\/uploads\/2025\/07\/download1.png\",\"contentUrl\":\"https:\/\/holfik.com\/wp-content\/uploads\/2025\/07\/download1.png\",\"width\":150,\"height\":100,\"caption\":\"Holfik\"},\"image\":{\"@id\":\"https:\/\/holfik.com\/nb\/#\/schema\/logo\/image\/\"}},{\"@type\":\"Person\",\"@id\":\"https:\/\/holfik.com\/nb\/#\/schema\/person\/0c9e2e2e8cdad72c8e45b4cda8a06782\",\"name\":\"Andre\",\"image\":{\"@type\":\"ImageObject\",\"inLanguage\":\"fr-FR\",\"@id\":\"https:\/\/holfik.com\/nb\/#\/schema\/person\/image\/\",\"url\":\"https:\/\/secure.gravatar.com\/avatar\/631490c4d2811d45d5ab65f57e75e5cdca7c252f1eb8dd5b4eb4a7818d1dfaf6?s=96&d=mm&r=g\",\"contentUrl\":\"https:\/\/secure.gravatar.com\/avatar\/631490c4d2811d45d5ab65f57e75e5cdca7c252f1eb8dd5b4eb4a7818d1dfaf6?s=96&d=mm&r=g\",\"caption\":\"Andre\"},\"url\":\"https:\/\/holfik.com\/fr\/author\/andre\/\"}]}<\/script>\n<!-- \/ Yoast SEO plugin. -->","yoast_head_json":{"title":"Reforma Tribut\u00e1ria Impacta Estrat\u00e9gias Empresariais - Holfik","robots":{"index":"index","follow":"follow","max-snippet":"max-snippet:-1","max-image-preview":"max-image-preview:large","max-video-preview":"max-video-preview:-1"},"canonical":"https:\/\/holfik.com\/fr\/reforma-tributaria-impacta-estrategias-empresariais\/","og_locale":"fr_FR","og_type":"article","og_title":"Reforma Tribut\u00e1ria Impacta Estrat\u00e9gias Empresariais - Holfik","og_description":"A Reforma Tribut\u00e1ria est\u00e1 impactando profundamente as Estrat\u00e9gias Empresariais no Brasil, for\u00e7ando as empresas a reavaliar suas pr\u00e1ticas e opera\u00e7\u00f5es. Neste artigo, exploraremos as mudan\u00e7as significativas nas estrat\u00e9gias de neg\u00f3cios, incluindo a adapta\u00e7\u00e3o das opera\u00e7\u00f5es fiscais \u00e0 nova estrutura tribut\u00e1ria, a coexist\u00eancia dos sistemas tribut\u00e1rios e a revis\u00e3o de localiza\u00e7\u00f5es [&hellip;]","og_url":"https:\/\/holfik.com\/fr\/reforma-tributaria-impacta-estrategias-empresariais\/","og_site_name":"Holfik","article_published_time":"2026-09-02T20:01:57+00:00","author":"Andre","twitter_card":"summary_large_image","twitter_misc":{"\u00c9crit par":"Andre","Dur\u00e9e de lecture estim\u00e9e":"7 minutes"},"schema":{"@context":"https:\/\/schema.org","@graph":[{"@type":"Article","@id":"https:\/\/holfik.com\/reforma-tributaria-impacta-estrategias-empresariais\/#article","isPartOf":{"@id":"https:\/\/holfik.com\/reforma-tributaria-impacta-estrategias-empresariais\/"},"author":{"name":"Andre","@id":"https:\/\/holfik.com\/nb\/#\/schema\/person\/0c9e2e2e8cdad72c8e45b4cda8a06782"},"headline":"Reforma Tribut\u00e1ria Impacta Estrat\u00e9gias Empresariais","datePublished":"2026-09-02T20:01:57+00:00","dateModified":"2026-09-02T20:01:57+00:00","mainEntityOfPage":{"@id":"https:\/\/holfik.com\/reforma-tributaria-impacta-estrategias-empresariais\/"},"wordCount":1481,"commentCount":0,"publisher":{"@id":"https:\/\/holfik.com\/nb\/#organization"},"image":{"@id":"https:\/\/holfik.com\/reforma-tributaria-impacta-estrategias-empresariais\/#primaryimage"},"thumbnailUrl":"https:\/\/holfik.com\/wp-content\/uploads\/2026\/09\/1788379315143.png","keywords":["estrat\u00e9gias de neg\u00f3cios","reforma tribut\u00e1ria","setores econ\u00f4micos"],"articleSection":["Economia e Finan\u00e7as"],"inLanguage":"fr-FR","potentialAction":[{"@type":"CommentAction","name":"Comment","target":["https:\/\/holfik.com\/reforma-tributaria-impacta-estrategias-empresariais\/#respond"]}]},{"@type":"WebPage","@id":"https:\/\/holfik.com\/reforma-tributaria-impacta-estrategias-empresariais\/","url":"https:\/\/holfik.com\/reforma-tributaria-impacta-estrategias-empresariais\/","name":"Reforma Tribut\u00e1ria Impacta Estrat\u00e9gias Empresariais - Holfik","isPartOf":{"@id":"https:\/\/holfik.com\/nb\/#website"},"primaryImageOfPage":{"@id":"https:\/\/holfik.com\/reforma-tributaria-impacta-estrategias-empresariais\/#primaryimage"},"image":{"@id":"https:\/\/holfik.com\/reforma-tributaria-impacta-estrategias-empresariais\/#primaryimage"},"thumbnailUrl":"https:\/\/holfik.com\/wp-content\/uploads\/2026\/09\/1788379315143.png","datePublished":"2026-09-02T20:01:57+00:00","dateModified":"2026-09-02T20:01:57+00:00","breadcrumb":{"@id":"https:\/\/holfik.com\/reforma-tributaria-impacta-estrategias-empresariais\/#breadcrumb"},"inLanguage":"fr-FR","potentialAction":[{"@type":"ReadAction","target":["https:\/\/holfik.com\/reforma-tributaria-impacta-estrategias-empresariais\/"]}]},{"@type":"ImageObject","inLanguage":"fr-FR","@id":"https:\/\/holfik.com\/reforma-tributaria-impacta-estrategias-empresariais\/#primaryimage","url":"https:\/\/holfik.com\/wp-content\/uploads\/2026\/09\/1788379315143.png","contentUrl":"https:\/\/holfik.com\/wp-content\/uploads\/2026\/09\/1788379315143.png","width":1024,"height":624,"caption":"Mudan\u00e7as nas estrat\u00e9gias empresariais devido \u00e0 reforma tribut\u00e1ria no Brasil."},{"@type":"BreadcrumbList","@id":"https:\/\/holfik.com\/reforma-tributaria-impacta-estrategias-empresariais\/#breadcrumb","itemListElement":[{"@type":"ListItem","position":1,"name":"In\u00edcio","item":"https:\/\/holfik.com\/"},{"@type":"ListItem","position":2,"name":"Reforma Tribut\u00e1ria Impacta Estrat\u00e9gias Empresariais"}]},{"@type":"WebSite","@id":"https:\/\/holfik.com\/nb\/#website","url":"https:\/\/holfik.com\/nb\/","name":"Holfik","description":"Site de Not\u00edcias e M\u00eddia","publisher":{"@id":"https:\/\/holfik.com\/nb\/#organization"},"potentialAction":[{"@type":"SearchAction","target":{"@type":"EntryPoint","urlTemplate":"https:\/\/holfik.com\/nb\/?s={search_term_string}"},"query-input":"required name=search_term_string"}],"inLanguage":"fr-FR"},{"@type":"Organization","@id":"https:\/\/holfik.com\/nb\/#organization","name":"Holfik","url":"https:\/\/holfik.com\/nb\/","logo":{"@type":"ImageObject","inLanguage":"fr-FR","@id":"https:\/\/holfik.com\/nb\/#\/schema\/logo\/image\/","url":"https:\/\/holfik.com\/wp-content\/uploads\/2025\/07\/download1.png","contentUrl":"https:\/\/holfik.com\/wp-content\/uploads\/2025\/07\/download1.png","width":150,"height":100,"caption":"Holfik"},"image":{"@id":"https:\/\/holfik.com\/nb\/#\/schema\/logo\/image\/"}},{"@type":"Person","@id":"https:\/\/holfik.com\/nb\/#\/schema\/person\/0c9e2e2e8cdad72c8e45b4cda8a06782","name":"Andre","image":{"@type":"ImageObject","inLanguage":"fr-FR","@id":"https:\/\/holfik.com\/nb\/#\/schema\/person\/image\/","url":"https:\/\/secure.gravatar.com\/avatar\/631490c4d2811d45d5ab65f57e75e5cdca7c252f1eb8dd5b4eb4a7818d1dfaf6?s=96&d=mm&r=g","contentUrl":"https:\/\/secure.gravatar.com\/avatar\/631490c4d2811d45d5ab65f57e75e5cdca7c252f1eb8dd5b4eb4a7818d1dfaf6?s=96&d=mm&r=g","caption":"Andre"},"url":"https:\/\/holfik.com\/fr\/author\/andre\/"}]}},"_links":{"self":[{"href":"https:\/\/holfik.com\/fr\/wp-json\/wp\/v2\/posts\/2516","targetHints":{"allow":["GET"]}}],"collection":[{"href":"https:\/\/holfik.com\/fr\/wp-json\/wp\/v2\/posts"}],"about":[{"href":"https:\/\/holfik.com\/fr\/wp-json\/wp\/v2\/types\/post"}],"author":[{"embeddable":true,"href":"https:\/\/holfik.com\/fr\/wp-json\/wp\/v2\/users\/11"}],"replies":[{"embeddable":true,"href":"https:\/\/holfik.com\/fr\/wp-json\/wp\/v2\/comments?post=2516"}],"version-history":[{"count":0,"href":"https:\/\/holfik.com\/fr\/wp-json\/wp\/v2\/posts\/2516\/revisions"}],"wp:featuredmedia":[{"embeddable":true,"href":"https:\/\/holfik.com\/fr\/wp-json\/wp\/v2\/media\/2515"}],"wp:attachment":[{"href":"https:\/\/holfik.com\/fr\/wp-json\/wp\/v2\/media?parent=2516"}],"wp:term":[{"taxonomy":"category","embeddable":true,"href":"https:\/\/holfik.com\/fr\/wp-json\/wp\/v2\/categories?post=2516"},{"taxonomy":"post_tag","embeddable":true,"href":"https:\/\/holfik.com\/fr\/wp-json\/wp\/v2\/tags?post=2516"}],"curies":[{"name":"wp","href":"https:\/\/api.w.org\/{rel}","templated":true}]}}