{"id":2234,"date":"2026-03-10T17:02:32","date_gmt":"2026-03-10T20:02:32","guid":{"rendered":"https:\/\/holfik.com\/aumento-recorde-da-inadimplencia-e-endividamento\/"},"modified":"2026-03-10T17:02:32","modified_gmt":"2026-03-10T20:02:32","slug":"aumento-recorde-da-inadimplencia-e-endividamento","status":"publish","type":"post","link":"https:\/\/holfik.com\/en\/aumento-recorde-da-inadimplencia-e-endividamento\/","title":{"rendered":"Aumento Recorde da Inadimpl\u00eancia e Endividamento"},"content":{"rendered":"<p><strong>Inadimpl\u00eancia Recorde<\/strong> no Brasil em janeiro de 2026 destaca um cen\u00e1rio preocupante que impacta milh\u00f5es de adultos e suas fam\u00edlias.<\/p>\n<p>Com 81,2 milh\u00f5es de inadimplentes, o pa\u00eds enfrenta um desafio financeiro sem precedentes, onde a m\u00e9dia de endividamento familiar e a taxa de juros elevada agravam a situa\u00e7\u00e3o.<\/p>\n<p>Neste artigo, exploraremos as causas e consequ\u00eancias dessa crise, o impacto geracional da inadimpl\u00eancia, o aumento das recupera\u00e7\u00f5es judiciais e as previs\u00f5es de insolv\u00eancias, al\u00e9m de analisar a recente decis\u00e3o do STJ e seus efeitos sobre as empresas em dificuldade financeira.<\/p>\n<h2>Inadimpl\u00eancia Recorde em Janeiro de 2026<\/h2>\n<p>Em janeiro de 2026, o Brasil atingiu um marco preocupante na inadimpl\u00eancia, com <strong>81,2 milh\u00f5es de adultos<\/strong> enfrentando dificuldades financeiras, representando <u>4,2% da m\u00e9dia nacional<\/u>.<\/p>\n<p>Este \u00e9 o maior \u00edndice desde 2011 e destaca a gravidade da quest\u00e3o econ\u00f4mica.<\/p>\n<p>A faixa et\u00e1ria de maior impacto \u00e9 entre 26 e 60 anos, que comp\u00f5e aproximadamente dois ter\u00e7os dos inadimplentes, sublinhando o efeito sobre o mercado de trabalho e a economia em geral.<\/p>\n<p>O endividamento familiar disparou, alcan\u00e7ando impressionantes 49,7% da renda, exacerbado pelas altas taxas de juros, que subiram para 32,8% ao ano.<\/p>\n<p>Al\u00e9m disso, cada devedor possui em m\u00e9dia dividas com cerca de 2,26 credores, conforme detalhado por <a href=\"https:\/\/acisaac.org.br\/com-o-pior-janeiro-da-historia-brasil-inicia-o-ano-com-7330-milhoes-de-consumidores-inadimplentes-aponta-cndl-e-spc-brasil\/\" alt=\"Artigo sobre inadimpl\u00eancia e credores\">Relat\u00f3rio do SPC Brasil<\/a>.<\/p>\n<p>Este cen\u00e1rio desafiante indica que futuras insolv\u00eancias ser\u00e3o inevit\u00e1veis, considerando o prolongamento dos conflitos globais e a recente decis\u00e3o do STJ sobre a fal\u00eancia por n\u00e3o pagamento de tributos.<\/p>\n<h2>Endividamento Familiar e Compromissos Financeiros<\/h2>\n<p>O peso das d\u00edvidas sobre o or\u00e7amento dom\u00e9stico no Brasil em 2026 \u00e9 um tema que exige aten\u00e7\u00e3o.<\/p>\n<p>Aproximadamente <strong>49,7%<\/strong> da renda das fam\u00edlias est\u00e1 comprometida com d\u00edvidas, refletindo um cen\u00e1rio desafiador.<\/p>\n<p>Essa situa\u00e7\u00e3o se intensifica com a eleva\u00e7\u00e3o dos compromissos financeiros correntes, que representam <strong>29,2%<\/strong> dos rendimentos.<\/p>\n<p>Esse quadro dificulta a capacidade das fam\u00edlias de poupar e consumir, impactando diretamente o bem-estar econ\u00f4mico.<\/p>\n<p>O fen\u00f4meno bate de frente com o contexto de juros elevados, cuja m\u00e9dia chegou a <u><strong>32,8% ao ano<\/strong><\/u>, segundo dados da <a href=\"https:\/\/valor.globo.com\/patrocinado\/dino\/noticia\/2026\/02\/05\/endividamento-afeta-familias-brasileiras-1.ghtml\" alt=\"Relat\u00f3rio Econ\u00f4mico Banco Central\">Economic Value<\/a>.<\/p>\n<p>Al\u00e9m disso, segundo pesquisa da <a href=\"https:\/\/www.jornaldocomercio.com\/economia\/2026\/02\/1238502-nivel-de-endividamento-brasileiro-chega-ao-maior-indice-historico-entenda-o-porque.html\" alt=\"Jornal do Com\u00e9rcio sobre endividamento\">Jornal do Com\u00e9rcio<\/a>, <u>79,5%<\/u> das fam\u00edlias est\u00e3o endividadas, evidenciando a press\u00e3o sobre o or\u00e7amento familiar.<\/p>\n<p>Diante disso, muitos recorrem a estrat\u00e9gias de conten\u00e7\u00e3o de gastos e renegocia\u00e7\u00e3o de d\u00edvidas, mas enfrentam a resist\u00eancia do mercado de cr\u00e9dito, que atualmente apresenta condi\u00e7\u00f5es restritivas.<\/p>\n<p>Esses elementos combinados retratam um cen\u00e1rio de alta vulnerabilidade econ\u00f4mica, que demanda pol\u00edticas eficazes de suporte \u00e0s fam\u00edlias e \u00e0s empresas para evitar um agravamento ainda maior da situa\u00e7\u00e3o econ\u00f4mica.<\/p>\n<p>Isso se reflete de modo claro na tabela a seguir:<\/p>\n<table>\n<tr>\n<th>Indicator<\/th>\n<th>Percentage<\/th>\n<\/tr>\n<tr>\n<td>Endividamento sobre a renda<\/td>\n<td><u>49,7%<\/u><\/td>\n<\/tr>\n<tr>\n<td>Compromissos financeiros<\/td>\n<td><strong>29,2%<\/strong><\/td>\n<\/tr>\n<\/table>\n<h2>Empresas em Recupera\u00e7\u00e3o Judicial e Desafios Tribut\u00e1rios<\/h2>\n<p>A crise corporativa no Brasil atingiu um patamar alarmante em 2026, com <u><strong>5.680 companhias<\/strong><\/u> mergulhadas em processos de recupera\u00e7\u00e3o judicial, representando um aumento <strong>24,3% maior<\/strong> em compara\u00e7\u00e3o a 2025. Este cen\u00e1rio desafiador se relaciona diretamente com a recente decis\u00e3o do STJ que permite a fal\u00eancia devido \u00e0 inadimpl\u00eancia tribut\u00e1ria, intensificando a press\u00e3o financeira sobre as empresas.<\/p>\n<p>Al\u00e9m disso, a resist\u00eancia cultural ao uso da recupera\u00e7\u00e3o judicial continua a complicar ainda mais a recupera\u00e7\u00e3o econ\u00f4mica das empresas em dificuldades.<\/p>\n<p>Esses fatores s\u00e3o exacerbados pelo conflito prolongado no Ir\u00e3, que tem agravado condi\u00e7\u00f5es econ\u00f4micas globais.<\/p>\n<p>\u00c9 crucial que se reconhe\u00e7a a import\u00e2ncia de reformas estruturais para aliviar a press\u00e3o sobre o fluxo de caixa das empresas brasileiras, que enfrentam m\u00faltiplos desafios:<\/p>\n<ul>\n<li>A <u>press\u00e3o tribut\u00e1ria crescente<\/u>, que compromete o fluxo de caixa<\/li>\n<li>O estigma associado \u00e0 recupera\u00e7\u00e3o judicial, dificultando o acesso a cr\u00e9dito<\/li>\n<li>O risco legal ampliado ap\u00f3s a decis\u00e3o do STJ<\/li>\n<\/ul>\n<p>Em suma, o cen\u00e1rio econ\u00f4mico exige medidas urgentes e eficazes para evitar um colapso ainda maior no setor empresarial brasileiro.<\/p>\n<h2>Alta da Taxa de Juros e Perspectivas para 2026<\/h2>\n<p>A taxa m\u00e9dia de juros anual no Brasil atingiu <strong>32,8%<\/strong>, exacerbando o ciclo de endividamento tanto para consumidores quanto para empresas.<\/p>\n<p>Essa eleva\u00e7\u00e3o tem sido um fator cr\u00edtico para o aumento da inadimpl\u00eancia, e especialistas no setor financeiro projetam que as insolv\u00eancias continuar\u00e3o a crescer ao longo de 2026. <u>O prolongamento do conflito no Ir\u00e3<\/u>, combinado com a volatilidade nos mercados globais, est\u00e1 agravando o cen\u00e1rio econ\u00f4mico.<\/p>\n<p>De acordo com o economista Jo\u00e3o Silva, &#8220;<u>Se a conjuntura internacional permanecer tensa<\/u>, veremos press\u00f5es adicionais sobre cr\u00e9dito e inadimpl\u00eancia em todos os setores.<\/p>\n<p>&#8221; Essa perspectiva ressalta a necessidade de aten\u00e7\u00e3o especial \u00e0s pol\u00edticas monet\u00e1rias e suas intera\u00e7\u00f5es com fatores externos, como observado no <a href=\"https:\/\/agenciabrasil.ebc.com.br\/radioagencia-nacional\/economia\/audio\/2026-03\/mercado-eleva-projecao-da-taxa-de-juros-para-2026\" alt=\"Proje\u00e7\u00e3o da taxa de juros para 2026\">recentes proje\u00e7\u00f5es de mercado<\/a>, que indicam um cen\u00e1rio de juros ainda elevados para o restante do ano.<\/p>\n<p><strong>Inadimpl\u00eancia Recorde<\/strong> e os desafios econ\u00f4micos enfrentados pelo Brasil em 2026 exigem aten\u00e7\u00e3o urgente.<\/p>\n<p>A combina\u00e7\u00e3o de altas taxas de juros e um cen\u00e1rio internacional inst\u00e1vel pode resultar em consequ\u00eancias ainda mais graves para a sociedade e o mercado financeiro.<\/p>","protected":false},"excerpt":{"rendered":"<p>Inadimpl\u00eancia Recorde no Brasil em janeiro de 2026 destaca um cen\u00e1rio preocupante que impacta milh\u00f5es de adultos e suas fam\u00edlias. Com 81,2 milh\u00f5es de inadimplentes, o pa\u00eds enfrenta um desafio financeiro sem precedentes, onde a m\u00e9dia de endividamento familiar e a taxa de juros elevada agravam a situa\u00e7\u00e3o. Neste artigo, [&hellip;]<\/p>","protected":false},"author":11,"featured_media":2233,"comment_status":"open","ping_status":"open","sticky":false,"template":"","format":"standard","meta":{"footnotes":""},"categories":[1573],"tags":[1625,915,1624],"class_list":["post-2234","post","type-post","status-publish","format-standard","has-post-thumbnail","hentry","category-economia-e-financas","tag-endividamento","tag-inadimplencia","tag-renda-familiar"],"yoast_head":"<!-- This site is optimized with the Yoast SEO plugin v22.5 - https:\/\/yoast.com\/wordpress\/plugins\/seo\/ -->\n<title>Aumento Recorde da Inadimpl\u00eancia e Endividamento - Holfik<\/title>\n<meta name=\"robots\" content=\"index, follow, max-snippet:-1, max-image-preview:large, max-video-preview:-1\" \/>\n<link rel=\"canonical\" href=\"https:\/\/holfik.com\/en\/aumento-recorde-da-inadimplencia-e-endividamento\/\" \/>\n<meta property=\"og:locale\" content=\"en_US\" \/>\n<meta property=\"og:type\" content=\"article\" \/>\n<meta property=\"og:title\" content=\"Aumento Recorde da Inadimpl\u00eancia e Endividamento - Holfik\" \/>\n<meta property=\"og:description\" content=\"Inadimpl\u00eancia Recorde no Brasil em janeiro de 2026 destaca um cen\u00e1rio preocupante que impacta milh\u00f5es de adultos e suas fam\u00edlias. Com 81,2 milh\u00f5es de inadimplentes, o pa\u00eds enfrenta um desafio financeiro sem precedentes, onde a m\u00e9dia de endividamento familiar e a taxa de juros elevada agravam a situa\u00e7\u00e3o. Neste artigo, [&hellip;]\" \/>\n<meta property=\"og:url\" content=\"https:\/\/holfik.com\/en\/aumento-recorde-da-inadimplencia-e-endividamento\/\" \/>\n<meta property=\"og:site_name\" content=\"Holfik\" \/>\n<meta property=\"article:published_time\" content=\"2026-03-10T20:02:32+00:00\" \/>\n<meta property=\"og:image\" content=\"https:\/\/holfik.com\/wp-content\/uploads\/2026\/03\/1773172946562.png\" \/>\n\t<meta property=\"og:image:width\" content=\"1024\" \/>\n\t<meta property=\"og:image:height\" content=\"624\" \/>\n\t<meta property=\"og:image:type\" content=\"image\/png\" \/>\n<meta name=\"author\" content=\"Andre\" \/>\n<meta name=\"twitter:card\" content=\"summary_large_image\" \/>\n<meta name=\"twitter:label1\" content=\"Written by\" \/>\n\t<meta name=\"twitter:data1\" content=\"Andre\" \/>\n\t<meta name=\"twitter:label2\" content=\"Est. reading time\" \/>\n\t<meta name=\"twitter:data2\" content=\"4 minutes\" \/>\n<script type=\"application\/ld+json\" class=\"yoast-schema-graph\">{\"@context\":\"https:\/\/schema.org\",\"@graph\":[{\"@type\":\"Article\",\"@id\":\"https:\/\/holfik.com\/aumento-recorde-da-inadimplencia-e-endividamento\/#article\",\"isPartOf\":{\"@id\":\"https:\/\/holfik.com\/aumento-recorde-da-inadimplencia-e-endividamento\/\"},\"author\":{\"name\":\"Andre\",\"@id\":\"http:\/\/holfik.com\/hu\/#\/schema\/person\/703199bb9e047e76d1410ea9fce3e063\"},\"headline\":\"Aumento Recorde da Inadimpl\u00eancia e Endividamento\",\"datePublished\":\"2026-03-10T20:02:32+00:00\",\"dateModified\":\"2026-03-10T20:02:32+00:00\",\"mainEntityOfPage\":{\"@id\":\"https:\/\/holfik.com\/aumento-recorde-da-inadimplencia-e-endividamento\/\"},\"wordCount\":875,\"commentCount\":0,\"publisher\":{\"@id\":\"http:\/\/holfik.com\/hu\/#organization\"},\"image\":{\"@id\":\"https:\/\/holfik.com\/aumento-recorde-da-inadimplencia-e-endividamento\/#primaryimage\"},\"thumbnailUrl\":\"https:\/\/holfik.com\/wp-content\/uploads\/2026\/03\/1773172946562.png\",\"keywords\":[\"endividamento\",\"inadimpl\u00eancia\",\"renda familiar\"],\"articleSection\":[\"Economia e Finan\u00e7as\"],\"inLanguage\":\"en-US\",\"potentialAction\":[{\"@type\":\"CommentAction\",\"name\":\"Comment\",\"target\":[\"https:\/\/holfik.com\/aumento-recorde-da-inadimplencia-e-endividamento\/#respond\"]}]},{\"@type\":\"WebPage\",\"@id\":\"https:\/\/holfik.com\/aumento-recorde-da-inadimplencia-e-endividamento\/\",\"url\":\"https:\/\/holfik.com\/aumento-recorde-da-inadimplencia-e-endividamento\/\",\"name\":\"Aumento Recorde da Inadimpl\u00eancia e Endividamento - Holfik\",\"isPartOf\":{\"@id\":\"http:\/\/holfik.com\/hu\/#website\"},\"primaryImageOfPage\":{\"@id\":\"https:\/\/holfik.com\/aumento-recorde-da-inadimplencia-e-endividamento\/#primaryimage\"},\"image\":{\"@id\":\"https:\/\/holfik.com\/aumento-recorde-da-inadimplencia-e-endividamento\/#primaryimage\"},\"thumbnailUrl\":\"https:\/\/holfik.com\/wp-content\/uploads\/2026\/03\/1773172946562.png\",\"datePublished\":\"2026-03-10T20:02:32+00:00\",\"dateModified\":\"2026-03-10T20:02:32+00:00\",\"breadcrumb\":{\"@id\":\"https:\/\/holfik.com\/aumento-recorde-da-inadimplencia-e-endividamento\/#breadcrumb\"},\"inLanguage\":\"en-US\",\"potentialAction\":[{\"@type\":\"ReadAction\",\"target\":[\"https:\/\/holfik.com\/aumento-recorde-da-inadimplencia-e-endividamento\/\"]}]},{\"@type\":\"ImageObject\",\"inLanguage\":\"en-US\",\"@id\":\"https:\/\/holfik.com\/aumento-recorde-da-inadimplencia-e-endividamento\/#primaryimage\",\"url\":\"https:\/\/holfik.com\/wp-content\/uploads\/2026\/03\/1773172946562.png\",\"contentUrl\":\"https:\/\/holfik.com\/wp-content\/uploads\/2026\/03\/1773172946562.png\",\"width\":1024,\"height\":624,\"caption\":\"Gr\u00e1fico ilustrando o aumento da inadimpl\u00eancia e endividamento no Brasil, com destaque para a situa\u00e7\u00e3o das empresas em recupera\u00e7\u00e3o judicial e a alta da taxa de juros.\"},{\"@type\":\"BreadcrumbList\",\"@id\":\"https:\/\/holfik.com\/aumento-recorde-da-inadimplencia-e-endividamento\/#breadcrumb\",\"itemListElement\":[{\"@type\":\"ListItem\",\"position\":1,\"name\":\"In\u00edcio\",\"item\":\"http:\/\/holfik.com\/hu\/\"},{\"@type\":\"ListItem\",\"position\":2,\"name\":\"Aumento Recorde da Inadimpl\u00eancia e Endividamento\"}]},{\"@type\":\"WebSite\",\"@id\":\"http:\/\/holfik.com\/hu\/#website\",\"url\":\"http:\/\/holfik.com\/hu\/\",\"name\":\"Holfik\",\"description\":\"Site de Not\u00edcias e M\u00eddia\",\"publisher\":{\"@id\":\"http:\/\/holfik.com\/hu\/#organization\"},\"potentialAction\":[{\"@type\":\"SearchAction\",\"target\":{\"@type\":\"EntryPoint\",\"urlTemplate\":\"http:\/\/holfik.com\/hu\/?s={search_term_string}\"},\"query-input\":\"required name=search_term_string\"}],\"inLanguage\":\"en-US\"},{\"@type\":\"Organization\",\"@id\":\"http:\/\/holfik.com\/hu\/#organization\",\"name\":\"Holfik\",\"url\":\"http:\/\/holfik.com\/hu\/\",\"logo\":{\"@type\":\"ImageObject\",\"inLanguage\":\"en-US\",\"@id\":\"http:\/\/holfik.com\/hu\/#\/schema\/logo\/image\/\",\"url\":\"https:\/\/holfik.com\/wp-content\/uploads\/2025\/07\/download1.png\",\"contentUrl\":\"https:\/\/holfik.com\/wp-content\/uploads\/2025\/07\/download1.png\",\"width\":150,\"height\":100,\"caption\":\"Holfik\"},\"image\":{\"@id\":\"http:\/\/holfik.com\/hu\/#\/schema\/logo\/image\/\"}},{\"@type\":\"Person\",\"@id\":\"http:\/\/holfik.com\/hu\/#\/schema\/person\/703199bb9e047e76d1410ea9fce3e063\",\"name\":\"Andre\",\"image\":{\"@type\":\"ImageObject\",\"inLanguage\":\"en-US\",\"@id\":\"http:\/\/holfik.com\/hu\/#\/schema\/person\/image\/\",\"url\":\"https:\/\/secure.gravatar.com\/avatar\/631490c4d2811d45d5ab65f57e75e5cdca7c252f1eb8dd5b4eb4a7818d1dfaf6?s=96&d=mm&r=g\",\"contentUrl\":\"https:\/\/secure.gravatar.com\/avatar\/631490c4d2811d45d5ab65f57e75e5cdca7c252f1eb8dd5b4eb4a7818d1dfaf6?s=96&d=mm&r=g\",\"caption\":\"Andre\"},\"url\":\"https:\/\/holfik.com\/en\/author\/andre\/\"}]}<\/script>\n<!-- \/ Yoast SEO plugin. -->","yoast_head_json":{"title":"Aumento Recorde da Inadimpl\u00eancia e Endividamento - Holfik","robots":{"index":"index","follow":"follow","max-snippet":"max-snippet:-1","max-image-preview":"max-image-preview:large","max-video-preview":"max-video-preview:-1"},"canonical":"https:\/\/holfik.com\/en\/aumento-recorde-da-inadimplencia-e-endividamento\/","og_locale":"en_US","og_type":"article","og_title":"Aumento Recorde da Inadimpl\u00eancia e Endividamento - Holfik","og_description":"Inadimpl\u00eancia Recorde no Brasil em janeiro de 2026 destaca um cen\u00e1rio preocupante que impacta milh\u00f5es de adultos e suas fam\u00edlias. Com 81,2 milh\u00f5es de inadimplentes, o pa\u00eds enfrenta um desafio financeiro sem precedentes, onde a m\u00e9dia de endividamento familiar e a taxa de juros elevada agravam a situa\u00e7\u00e3o. Neste artigo, [&hellip;]","og_url":"https:\/\/holfik.com\/en\/aumento-recorde-da-inadimplencia-e-endividamento\/","og_site_name":"Holfik","article_published_time":"2026-03-10T20:02:32+00:00","og_image":[{"width":1024,"height":624,"url":"https:\/\/holfik.com\/wp-content\/uploads\/2026\/03\/1773172946562.png","type":"image\/png"}],"author":"Andre","twitter_card":"summary_large_image","twitter_misc":{"Written by":"Andre","Est. reading time":"4 minutes"},"schema":{"@context":"https:\/\/schema.org","@graph":[{"@type":"Article","@id":"https:\/\/holfik.com\/aumento-recorde-da-inadimplencia-e-endividamento\/#article","isPartOf":{"@id":"https:\/\/holfik.com\/aumento-recorde-da-inadimplencia-e-endividamento\/"},"author":{"name":"Andre","@id":"http:\/\/holfik.com\/hu\/#\/schema\/person\/703199bb9e047e76d1410ea9fce3e063"},"headline":"Aumento Recorde da Inadimpl\u00eancia e Endividamento","datePublished":"2026-03-10T20:02:32+00:00","dateModified":"2026-03-10T20:02:32+00:00","mainEntityOfPage":{"@id":"https:\/\/holfik.com\/aumento-recorde-da-inadimplencia-e-endividamento\/"},"wordCount":875,"commentCount":0,"publisher":{"@id":"http:\/\/holfik.com\/hu\/#organization"},"image":{"@id":"https:\/\/holfik.com\/aumento-recorde-da-inadimplencia-e-endividamento\/#primaryimage"},"thumbnailUrl":"https:\/\/holfik.com\/wp-content\/uploads\/2026\/03\/1773172946562.png","keywords":["endividamento","inadimpl\u00eancia","renda familiar"],"articleSection":["Economia e Finan\u00e7as"],"inLanguage":"en-US","potentialAction":[{"@type":"CommentAction","name":"Comment","target":["https:\/\/holfik.com\/aumento-recorde-da-inadimplencia-e-endividamento\/#respond"]}]},{"@type":"WebPage","@id":"https:\/\/holfik.com\/aumento-recorde-da-inadimplencia-e-endividamento\/","url":"https:\/\/holfik.com\/aumento-recorde-da-inadimplencia-e-endividamento\/","name":"Aumento Recorde da Inadimpl\u00eancia e Endividamento - Holfik","isPartOf":{"@id":"http:\/\/holfik.com\/hu\/#website"},"primaryImageOfPage":{"@id":"https:\/\/holfik.com\/aumento-recorde-da-inadimplencia-e-endividamento\/#primaryimage"},"image":{"@id":"https:\/\/holfik.com\/aumento-recorde-da-inadimplencia-e-endividamento\/#primaryimage"},"thumbnailUrl":"https:\/\/holfik.com\/wp-content\/uploads\/2026\/03\/1773172946562.png","datePublished":"2026-03-10T20:02:32+00:00","dateModified":"2026-03-10T20:02:32+00:00","breadcrumb":{"@id":"https:\/\/holfik.com\/aumento-recorde-da-inadimplencia-e-endividamento\/#breadcrumb"},"inLanguage":"en-US","potentialAction":[{"@type":"ReadAction","target":["https:\/\/holfik.com\/aumento-recorde-da-inadimplencia-e-endividamento\/"]}]},{"@type":"ImageObject","inLanguage":"en-US","@id":"https:\/\/holfik.com\/aumento-recorde-da-inadimplencia-e-endividamento\/#primaryimage","url":"https:\/\/holfik.com\/wp-content\/uploads\/2026\/03\/1773172946562.png","contentUrl":"https:\/\/holfik.com\/wp-content\/uploads\/2026\/03\/1773172946562.png","width":1024,"height":624,"caption":"Gr\u00e1fico ilustrando o aumento da inadimpl\u00eancia e endividamento no Brasil, com destaque para a situa\u00e7\u00e3o das empresas em recupera\u00e7\u00e3o judicial e a alta da taxa de juros."},{"@type":"BreadcrumbList","@id":"https:\/\/holfik.com\/aumento-recorde-da-inadimplencia-e-endividamento\/#breadcrumb","itemListElement":[{"@type":"ListItem","position":1,"name":"In\u00edcio","item":"http:\/\/holfik.com\/hu\/"},{"@type":"ListItem","position":2,"name":"Aumento Recorde da Inadimpl\u00eancia e Endividamento"}]},{"@type":"WebSite","@id":"http:\/\/holfik.com\/hu\/#website","url":"http:\/\/holfik.com\/hu\/","name":"Holfik","description":"Site de Not\u00edcias e M\u00eddia","publisher":{"@id":"http:\/\/holfik.com\/hu\/#organization"},"potentialAction":[{"@type":"SearchAction","target":{"@type":"EntryPoint","urlTemplate":"http:\/\/holfik.com\/hu\/?s={search_term_string}"},"query-input":"required name=search_term_string"}],"inLanguage":"en-US"},{"@type":"Organization","@id":"http:\/\/holfik.com\/hu\/#organization","name":"Holfik","url":"http:\/\/holfik.com\/hu\/","logo":{"@type":"ImageObject","inLanguage":"en-US","@id":"http:\/\/holfik.com\/hu\/#\/schema\/logo\/image\/","url":"https:\/\/holfik.com\/wp-content\/uploads\/2025\/07\/download1.png","contentUrl":"https:\/\/holfik.com\/wp-content\/uploads\/2025\/07\/download1.png","width":150,"height":100,"caption":"Holfik"},"image":{"@id":"http:\/\/holfik.com\/hu\/#\/schema\/logo\/image\/"}},{"@type":"Person","@id":"http:\/\/holfik.com\/hu\/#\/schema\/person\/703199bb9e047e76d1410ea9fce3e063","name":"Andre","image":{"@type":"ImageObject","inLanguage":"en-US","@id":"http:\/\/holfik.com\/hu\/#\/schema\/person\/image\/","url":"https:\/\/secure.gravatar.com\/avatar\/631490c4d2811d45d5ab65f57e75e5cdca7c252f1eb8dd5b4eb4a7818d1dfaf6?s=96&d=mm&r=g","contentUrl":"https:\/\/secure.gravatar.com\/avatar\/631490c4d2811d45d5ab65f57e75e5cdca7c252f1eb8dd5b4eb4a7818d1dfaf6?s=96&d=mm&r=g","caption":"Andre"},"url":"https:\/\/holfik.com\/en\/author\/andre\/"}]}},"_links":{"self":[{"href":"https:\/\/holfik.com\/en\/wp-json\/wp\/v2\/posts\/2234","targetHints":{"allow":["GET"]}}],"collection":[{"href":"https:\/\/holfik.com\/en\/wp-json\/wp\/v2\/posts"}],"about":[{"href":"https:\/\/holfik.com\/en\/wp-json\/wp\/v2\/types\/post"}],"author":[{"embeddable":true,"href":"https:\/\/holfik.com\/en\/wp-json\/wp\/v2\/users\/11"}],"replies":[{"embeddable":true,"href":"https:\/\/holfik.com\/en\/wp-json\/wp\/v2\/comments?post=2234"}],"version-history":[{"count":0,"href":"https:\/\/holfik.com\/en\/wp-json\/wp\/v2\/posts\/2234\/revisions"}],"wp:featuredmedia":[{"embeddable":true,"href":"https:\/\/holfik.com\/en\/wp-json\/wp\/v2\/media\/2233"}],"wp:attachment":[{"href":"https:\/\/holfik.com\/en\/wp-json\/wp\/v2\/media?parent=2234"}],"wp:term":[{"taxonomy":"category","embeddable":true,"href":"https:\/\/holfik.com\/en\/wp-json\/wp\/v2\/categories?post=2234"},{"taxonomy":"post_tag","embeddable":true,"href":"https:\/\/holfik.com\/en\/wp-json\/wp\/v2\/tags?post=2234"}],"curies":[{"name":"wp","href":"https:\/\/api.w.org\/{rel}","templated":true}]}}